{"id":9509,"date":"2024-09-18T19:59:35","date_gmt":"2024-09-18T17:59:35","guid":{"rendered":"https:\/\/tatara.com.pl\/?p=9509"},"modified":"2024-09-18T19:59:35","modified_gmt":"2024-09-18T17:59:35","slug":"udzial-mec-tatary-w-konferencji-iws-nt-prawa-upadlosciowego","status":"publish","type":"post","link":"https:\/\/tatara.com.pl\/en\/aktualnosci\/udzial-mec-tatary-w-konferencji-iws-nt-prawa-upadlosciowego\/","title":{"rendered":"Udzia\u0142 mec. Tatary w konferencji IWS nt. prawa upad\u0142o\u015bciowego"},"content":{"rendered":"\n<p>Mec. Karol Tatara wzi\u0105\u0142 udzia\u0142 w konferencji Post\u0119powanie upad\u0142o\u015bciowe w polskim systemie prawnym, organizowanej przez Instytut Wymiaru Sprawiedliwo\u015bci oraz Ministerstwo Sprawiedliwo\u015bci.<\/p>\n\n\n\n<p>Serdecznie dzi\u0119kujemy za zaproszenie i mo\u017cliwo\u015b\u0107 wyst\u0105pienia!<br><br>Konferencja dotyczy\u0142a istotnych obszar\u00f3w prawa upad\u0142o\u015bciowego, takich jak rola s\u0105d\u00f3w, samorz\u0105d zawodowy doradc\u00f3w restrukturyzacyjnych, koszty post\u0119powania czy nadz\u00f3r nad nim.<\/p>\n\n\n\n<figure class=\"wp-block-image size-large\"><img decoding=\"async\" width=\"1024\" height=\"666\" src=\"https:\/\/tatara.com.pl\/wp-content\/uploads\/2024\/09\/KT_IWS-1024x666.jpg\" data-orig-src=\"https:\/\/tatara.com.pl\/wp-content\/uploads\/2024\/09\/KT_IWS-1024x666.jpg\" alt=\"\" class=\"lazyload wp-image-9510\" srcset=\"data:image\/svg+xml,%3Csvg%20xmlns%3D%27http%3A%2F%2Fwww.w3.org%2F2000%2Fsvg%27%20width%3D%271024%27%20height%3D%27666%27%20viewBox%3D%270%200%201024%20666%27%3E%3Crect%20width%3D%271024%27%20height%3D%27666%27%20fill-opacity%3D%220%22%2F%3E%3C%2Fsvg%3E\" data-srcset=\"https:\/\/tatara.com.pl\/wp-content\/uploads\/2024\/09\/KT_IWS-66x43.jpg 66w, https:\/\/tatara.com.pl\/wp-content\/uploads\/2024\/09\/KT_IWS-200x130.jpg 200w, https:\/\/tatara.com.pl\/wp-content\/uploads\/2024\/09\/KT_IWS-300x195.jpg 300w, https:\/\/tatara.com.pl\/wp-content\/uploads\/2024\/09\/KT_IWS-320x208.jpg 320w, https:\/\/tatara.com.pl\/wp-content\/uploads\/2024\/09\/KT_IWS-400x260.jpg 400w, https:\/\/tatara.com.pl\/wp-content\/uploads\/2024\/09\/KT_IWS-600x390.jpg 600w, https:\/\/tatara.com.pl\/wp-content\/uploads\/2024\/09\/KT_IWS-669x435.jpg 669w, https:\/\/tatara.com.pl\/wp-content\/uploads\/2024\/09\/KT_IWS-700x455.jpg 700w, https:\/\/tatara.com.pl\/wp-content\/uploads\/2024\/09\/KT_IWS-768x500.jpg 768w, https:\/\/tatara.com.pl\/wp-content\/uploads\/2024\/09\/KT_IWS-800x521.jpg 800w, https:\/\/tatara.com.pl\/wp-content\/uploads\/2024\/09\/KT_IWS-1024x666.jpg 1024w, https:\/\/tatara.com.pl\/wp-content\/uploads\/2024\/09\/KT_IWS-1200x781.jpg 1200w, https:\/\/tatara.com.pl\/wp-content\/uploads\/2024\/09\/KT_IWS-1536x999.jpg 1536w, https:\/\/tatara.com.pl\/wp-content\/uploads\/2024\/09\/KT_IWS.jpg 1600w\" data-sizes=\"auto\" data-orig-sizes=\"(max-width: 1024px) 100vw, 1024px\" \/><\/figure>\n","protected":false},"excerpt":{"rendered":"<p>Mec. Karol Tatara wzi\u0105\u0142 udzia\u0142 w konferencji Post\u0119powanie upad\u0142o\u015bciowe w  [&#8230;]<\/p>\n","protected":false},"author":8,"featured_media":0,"comment_status":"closed","ping_status":"closed","sticky":false,"template":"","format":"standard","meta":{"_acf_changed":false,"footnotes":""},"categories":[336,342],"tags":[351,364,542],"class_list":["post-9509","post","type-post","status-publish","format-standard","hentry","category-aktualnosci","category-news","tag-konferencja","tag-szkolenie","tag-upadlosc-2"],"acf":[],"yoast_head":"<!-- This site is optimized with the Yoast SEO plugin v27.4 - https:\/\/yoast.com\/product\/yoast-seo-wordpress\/ -->\n<title>Udzia\u0142 mec. Tatary w konferencji IWS nt. prawa upad\u0142o\u015bciowego - Tatara i Wsp\u00f3lnicy sp.k.<\/title>\n<meta name=\"robots\" content=\"index, follow, max-snippet:-1, max-image-preview:large, max-video-preview:-1\" \/>\n<link rel=\"canonical\" href=\"https:\/\/tatara.com.pl\/aktualnosci\/udzial-mec-tatary-w-konferencji-iws-nt-prawa-upadlosciowego\/\" \/>\n<meta property=\"og:locale\" content=\"en_US\" \/>\n<meta property=\"og:type\" content=\"article\" \/>\n<meta property=\"og:title\" content=\"Udzia\u0142 mec. Tatary w konferencji IWS nt. prawa upad\u0142o\u015bciowego - Tatara i Wsp\u00f3lnicy sp.k.\" \/>\n<meta property=\"og:description\" content=\"Mec. Karol Tatara wzi\u0105\u0142 udzia\u0142 w konferencji Post\u0119powanie upad\u0142o\u015bciowe w [...]\" \/>\n<meta property=\"og:url\" content=\"https:\/\/tatara.com.pl\/aktualnosci\/udzial-mec-tatary-w-konferencji-iws-nt-prawa-upadlosciowego\/\" \/>\n<meta property=\"og:site_name\" content=\"Tatara i Wsp\u00f3lnicy sp.k.\" \/>\n<meta property=\"article:published_time\" content=\"2024-09-18T17:59:35+00:00\" \/>\n<meta property=\"og:image\" content=\"https:\/\/tatara.com.pl\/wp-content\/uploads\/2024\/09\/KT_IWS-1024x666.jpg\" \/>\n<meta name=\"author\" content=\"mateuszkalinski\" \/>\n<meta name=\"twitter:card\" content=\"summary_large_image\" \/>\n<meta name=\"twitter:label1\" content=\"Written by\" \/>\n\t<meta name=\"twitter:data1\" content=\"mateuszkalinski\" \/>\n\t<meta name=\"twitter:label2\" content=\"Est. reading time\" \/>\n\t<meta name=\"twitter:data2\" content=\"1 minute\" \/>\n<script type=\"application\/ld+json\" class=\"yoast-schema-graph\">{\"@context\":\"https:\\\/\\\/schema.org\",\"@graph\":[{\"@type\":\"Article\",\"@id\":\"https:\\\/\\\/tatara.com.pl\\\/aktualnosci\\\/udzial-mec-tatary-w-konferencji-iws-nt-prawa-upadlosciowego\\\/#article\",\"isPartOf\":{\"@id\":\"https:\\\/\\\/tatara.com.pl\\\/aktualnosci\\\/udzial-mec-tatary-w-konferencji-iws-nt-prawa-upadlosciowego\\\/\"},\"author\":{\"name\":\"mateuszkalinski\",\"@id\":\"https:\\\/\\\/tatara.com.pl\\\/#\\\/schema\\\/person\\\/0e1b8f1a9abf14b46f5a16dc72b66e74\"},\"headline\":\"Udzia\u0142 mec. Tatary w konferencji IWS nt. prawa upad\u0142o\u015bciowego\",\"datePublished\":\"2024-09-18T17:59:35+00:00\",\"mainEntityOfPage\":{\"@id\":\"https:\\\/\\\/tatara.com.pl\\\/aktualnosci\\\/udzial-mec-tatary-w-konferencji-iws-nt-prawa-upadlosciowego\\\/\"},\"wordCount\":77,\"image\":{\"@id\":\"https:\\\/\\\/tatara.com.pl\\\/aktualnosci\\\/udzial-mec-tatary-w-konferencji-iws-nt-prawa-upadlosciowego\\\/#primaryimage\"},\"thumbnailUrl\":\"https:\\\/\\\/tatara.com.pl\\\/wp-content\\\/uploads\\\/2024\\\/09\\\/KT_IWS-1024x666.jpg\",\"keywords\":[\"konferencja\",\"Szkolenie\",\"Upad\u0142o\u015b\u0107\"],\"articleSection\":[\"Aktualno\u015bci\",\"News\"],\"inLanguage\":\"en-US\"},{\"@type\":\"WebPage\",\"@id\":\"https:\\\/\\\/tatara.com.pl\\\/aktualnosci\\\/udzial-mec-tatary-w-konferencji-iws-nt-prawa-upadlosciowego\\\/\",\"url\":\"https:\\\/\\\/tatara.com.pl\\\/aktualnosci\\\/udzial-mec-tatary-w-konferencji-iws-nt-prawa-upadlosciowego\\\/\",\"name\":\"Udzia\u0142 mec. Tatary w konferencji IWS nt. prawa upad\u0142o\u015bciowego - Tatara i Wsp\u00f3lnicy sp.k.\",\"isPartOf\":{\"@id\":\"https:\\\/\\\/tatara.com.pl\\\/#website\"},\"primaryImageOfPage\":{\"@id\":\"https:\\\/\\\/tatara.com.pl\\\/aktualnosci\\\/udzial-mec-tatary-w-konferencji-iws-nt-prawa-upadlosciowego\\\/#primaryimage\"},\"image\":{\"@id\":\"https:\\\/\\\/tatara.com.pl\\\/aktualnosci\\\/udzial-mec-tatary-w-konferencji-iws-nt-prawa-upadlosciowego\\\/#primaryimage\"},\"thumbnailUrl\":\"https:\\\/\\\/tatara.com.pl\\\/wp-content\\\/uploads\\\/2024\\\/09\\\/KT_IWS-1024x666.jpg\",\"datePublished\":\"2024-09-18T17:59:35+00:00\",\"author\":{\"@id\":\"https:\\\/\\\/tatara.com.pl\\\/#\\\/schema\\\/person\\\/0e1b8f1a9abf14b46f5a16dc72b66e74\"},\"breadcrumb\":{\"@id\":\"https:\\\/\\\/tatara.com.pl\\\/aktualnosci\\\/udzial-mec-tatary-w-konferencji-iws-nt-prawa-upadlosciowego\\\/#breadcrumb\"},\"inLanguage\":\"en-US\",\"potentialAction\":[{\"@type\":\"ReadAction\",\"target\":[\"https:\\\/\\\/tatara.com.pl\\\/aktualnosci\\\/udzial-mec-tatary-w-konferencji-iws-nt-prawa-upadlosciowego\\\/\"]}]},{\"@type\":\"ImageObject\",\"inLanguage\":\"en-US\",\"@id\":\"https:\\\/\\\/tatara.com.pl\\\/aktualnosci\\\/udzial-mec-tatary-w-konferencji-iws-nt-prawa-upadlosciowego\\\/#primaryimage\",\"url\":\"https:\\\/\\\/tatara.com.pl\\\/wp-content\\\/uploads\\\/2024\\\/09\\\/KT_IWS-1024x666.jpg\",\"contentUrl\":\"https:\\\/\\\/tatara.com.pl\\\/wp-content\\\/uploads\\\/2024\\\/09\\\/KT_IWS-1024x666.jpg\"},{\"@type\":\"BreadcrumbList\",\"@id\":\"https:\\\/\\\/tatara.com.pl\\\/aktualnosci\\\/udzial-mec-tatary-w-konferencji-iws-nt-prawa-upadlosciowego\\\/#breadcrumb\",\"itemListElement\":[{\"@type\":\"ListItem\",\"position\":1,\"name\":\"Tatara\",\"item\":\"https:\\\/\\\/tatara.com.pl\\\/en\\\/\"},{\"@type\":\"ListItem\",\"position\":2,\"name\":\"Udzia\u0142 mec. Tatary w konferencji IWS nt. prawa upad\u0142o\u015bciowego\"}]},{\"@type\":\"WebSite\",\"@id\":\"https:\\\/\\\/tatara.com.pl\\\/#website\",\"url\":\"https:\\\/\\\/tatara.com.pl\\\/\",\"name\":\"Tatara i Wsp\u00f3lnicy sp.k.\",\"description\":\"Tatara i Wsp\u00f3lnicy sp.k.\",\"potentialAction\":[{\"@type\":\"SearchAction\",\"target\":{\"@type\":\"EntryPoint\",\"urlTemplate\":\"https:\\\/\\\/tatara.com.pl\\\/?s={search_term_string}\"},\"query-input\":{\"@type\":\"PropertyValueSpecification\",\"valueRequired\":true,\"valueName\":\"search_term_string\"}}],\"inLanguage\":\"en-US\"},{\"@type\":\"Person\",\"@id\":\"https:\\\/\\\/tatara.com.pl\\\/#\\\/schema\\\/person\\\/0e1b8f1a9abf14b46f5a16dc72b66e74\",\"name\":\"mateuszkalinski\",\"image\":{\"@type\":\"ImageObject\",\"inLanguage\":\"en-US\",\"@id\":\"https:\\\/\\\/secure.gravatar.com\\\/avatar\\\/6b5cc80e546cf059cc15a6560655d2dd2ec264ae659997067719e76874dbcea7?s=96&d=mm&r=g\",\"url\":\"https:\\\/\\\/secure.gravatar.com\\\/avatar\\\/6b5cc80e546cf059cc15a6560655d2dd2ec264ae659997067719e76874dbcea7?s=96&d=mm&r=g\",\"contentUrl\":\"https:\\\/\\\/secure.gravatar.com\\\/avatar\\\/6b5cc80e546cf059cc15a6560655d2dd2ec264ae659997067719e76874dbcea7?s=96&d=mm&r=g\",\"caption\":\"mateuszkalinski\"}}]}<\/script>\n<!-- \/ Yoast SEO plugin. -->","yoast_head_json":{"title":"Udzia\u0142 mec. Tatary w konferencji IWS nt. prawa upad\u0142o\u015bciowego - Tatara i Wsp\u00f3lnicy sp.k.","robots":{"index":"index","follow":"follow","max-snippet":"max-snippet:-1","max-image-preview":"max-image-preview:large","max-video-preview":"max-video-preview:-1"},"canonical":"https:\/\/tatara.com.pl\/aktualnosci\/udzial-mec-tatary-w-konferencji-iws-nt-prawa-upadlosciowego\/","og_locale":"en_US","og_type":"article","og_title":"Udzia\u0142 mec. Tatary w konferencji IWS nt. prawa upad\u0142o\u015bciowego - Tatara i Wsp\u00f3lnicy sp.k.","og_description":"Mec. Karol Tatara wzi\u0105\u0142 udzia\u0142 w konferencji Post\u0119powanie upad\u0142o\u015bciowe w [...]","og_url":"https:\/\/tatara.com.pl\/aktualnosci\/udzial-mec-tatary-w-konferencji-iws-nt-prawa-upadlosciowego\/","og_site_name":"Tatara i Wsp\u00f3lnicy sp.k.","article_published_time":"2024-09-18T17:59:35+00:00","og_image":[{"url":"https:\/\/tatara.com.pl\/wp-content\/uploads\/2024\/09\/KT_IWS-1024x666.jpg","type":"","width":"","height":""}],"author":"mateuszkalinski","twitter_card":"summary_large_image","twitter_misc":{"Written by":"mateuszkalinski","Est. reading time":"1 minute"},"schema":{"@context":"https:\/\/schema.org","@graph":[{"@type":"Article","@id":"https:\/\/tatara.com.pl\/aktualnosci\/udzial-mec-tatary-w-konferencji-iws-nt-prawa-upadlosciowego\/#article","isPartOf":{"@id":"https:\/\/tatara.com.pl\/aktualnosci\/udzial-mec-tatary-w-konferencji-iws-nt-prawa-upadlosciowego\/"},"author":{"name":"mateuszkalinski","@id":"https:\/\/tatara.com.pl\/#\/schema\/person\/0e1b8f1a9abf14b46f5a16dc72b66e74"},"headline":"Udzia\u0142 mec. Tatary w konferencji IWS nt. prawa upad\u0142o\u015bciowego","datePublished":"2024-09-18T17:59:35+00:00","mainEntityOfPage":{"@id":"https:\/\/tatara.com.pl\/aktualnosci\/udzial-mec-tatary-w-konferencji-iws-nt-prawa-upadlosciowego\/"},"wordCount":77,"image":{"@id":"https:\/\/tatara.com.pl\/aktualnosci\/udzial-mec-tatary-w-konferencji-iws-nt-prawa-upadlosciowego\/#primaryimage"},"thumbnailUrl":"https:\/\/tatara.com.pl\/wp-content\/uploads\/2024\/09\/KT_IWS-1024x666.jpg","keywords":["konferencja","Szkolenie","Upad\u0142o\u015b\u0107"],"articleSection":["Aktualno\u015bci","News"],"inLanguage":"en-US"},{"@type":"WebPage","@id":"https:\/\/tatara.com.pl\/aktualnosci\/udzial-mec-tatary-w-konferencji-iws-nt-prawa-upadlosciowego\/","url":"https:\/\/tatara.com.pl\/aktualnosci\/udzial-mec-tatary-w-konferencji-iws-nt-prawa-upadlosciowego\/","name":"Udzia\u0142 mec. Tatary w konferencji IWS nt. prawa upad\u0142o\u015bciowego - Tatara i Wsp\u00f3lnicy sp.k.","isPartOf":{"@id":"https:\/\/tatara.com.pl\/#website"},"primaryImageOfPage":{"@id":"https:\/\/tatara.com.pl\/aktualnosci\/udzial-mec-tatary-w-konferencji-iws-nt-prawa-upadlosciowego\/#primaryimage"},"image":{"@id":"https:\/\/tatara.com.pl\/aktualnosci\/udzial-mec-tatary-w-konferencji-iws-nt-prawa-upadlosciowego\/#primaryimage"},"thumbnailUrl":"https:\/\/tatara.com.pl\/wp-content\/uploads\/2024\/09\/KT_IWS-1024x666.jpg","datePublished":"2024-09-18T17:59:35+00:00","author":{"@id":"https:\/\/tatara.com.pl\/#\/schema\/person\/0e1b8f1a9abf14b46f5a16dc72b66e74"},"breadcrumb":{"@id":"https:\/\/tatara.com.pl\/aktualnosci\/udzial-mec-tatary-w-konferencji-iws-nt-prawa-upadlosciowego\/#breadcrumb"},"inLanguage":"en-US","potentialAction":[{"@type":"ReadAction","target":["https:\/\/tatara.com.pl\/aktualnosci\/udzial-mec-tatary-w-konferencji-iws-nt-prawa-upadlosciowego\/"]}]},{"@type":"ImageObject","inLanguage":"en-US","@id":"https:\/\/tatara.com.pl\/aktualnosci\/udzial-mec-tatary-w-konferencji-iws-nt-prawa-upadlosciowego\/#primaryimage","url":"https:\/\/tatara.com.pl\/wp-content\/uploads\/2024\/09\/KT_IWS-1024x666.jpg","contentUrl":"https:\/\/tatara.com.pl\/wp-content\/uploads\/2024\/09\/KT_IWS-1024x666.jpg"},{"@type":"BreadcrumbList","@id":"https:\/\/tatara.com.pl\/aktualnosci\/udzial-mec-tatary-w-konferencji-iws-nt-prawa-upadlosciowego\/#breadcrumb","itemListElement":[{"@type":"ListItem","position":1,"name":"Tatara","item":"https:\/\/tatara.com.pl\/en\/"},{"@type":"ListItem","position":2,"name":"Udzia\u0142 mec. Tatary w konferencji IWS nt. prawa upad\u0142o\u015bciowego"}]},{"@type":"WebSite","@id":"https:\/\/tatara.com.pl\/#website","url":"https:\/\/tatara.com.pl\/","name":"Tatara i Wsp\u00f3lnicy sp.k.","description":"Tatara i Wsp\u00f3lnicy sp.k.","potentialAction":[{"@type":"SearchAction","target":{"@type":"EntryPoint","urlTemplate":"https:\/\/tatara.com.pl\/?s={search_term_string}"},"query-input":{"@type":"PropertyValueSpecification","valueRequired":true,"valueName":"search_term_string"}}],"inLanguage":"en-US"},{"@type":"Person","@id":"https:\/\/tatara.com.pl\/#\/schema\/person\/0e1b8f1a9abf14b46f5a16dc72b66e74","name":"mateuszkalinski","image":{"@type":"ImageObject","inLanguage":"en-US","@id":"https:\/\/secure.gravatar.com\/avatar\/6b5cc80e546cf059cc15a6560655d2dd2ec264ae659997067719e76874dbcea7?s=96&d=mm&r=g","url":"https:\/\/secure.gravatar.com\/avatar\/6b5cc80e546cf059cc15a6560655d2dd2ec264ae659997067719e76874dbcea7?s=96&d=mm&r=g","contentUrl":"https:\/\/secure.gravatar.com\/avatar\/6b5cc80e546cf059cc15a6560655d2dd2ec264ae659997067719e76874dbcea7?s=96&d=mm&r=g","caption":"mateuszkalinski"}}]}},"_links":{"self":[{"href":"https:\/\/tatara.com.pl\/en\/wp-json\/wp\/v2\/posts\/9509","targetHints":{"allow":["GET"]}}],"collection":[{"href":"https:\/\/tatara.com.pl\/en\/wp-json\/wp\/v2\/posts"}],"about":[{"href":"https:\/\/tatara.com.pl\/en\/wp-json\/wp\/v2\/types\/post"}],"author":[{"embeddable":true,"href":"https:\/\/tatara.com.pl\/en\/wp-json\/wp\/v2\/users\/8"}],"replies":[{"embeddable":true,"href":"https:\/\/tatara.com.pl\/en\/wp-json\/wp\/v2\/comments?post=9509"}],"version-history":[{"count":1,"href":"https:\/\/tatara.com.pl\/en\/wp-json\/wp\/v2\/posts\/9509\/revisions"}],"predecessor-version":[{"id":9513,"href":"https:\/\/tatara.com.pl\/en\/wp-json\/wp\/v2\/posts\/9509\/revisions\/9513"}],"wp:attachment":[{"href":"https:\/\/tatara.com.pl\/en\/wp-json\/wp\/v2\/media?parent=9509"}],"wp:term":[{"taxonomy":"category","embeddable":true,"href":"https:\/\/tatara.com.pl\/en\/wp-json\/wp\/v2\/categories?post=9509"},{"taxonomy":"post_tag","embeddable":true,"href":"https:\/\/tatara.com.pl\/en\/wp-json\/wp\/v2\/tags?post=9509"}],"curies":[{"name":"wp","href":"https:\/\/api.w.org\/{rel}","templated":true}]}}