{"id":5741,"date":"2022-03-15T13:13:46","date_gmt":"2022-03-15T11:13:46","guid":{"rendered":"https:\/\/tatara.com.pl\/uncategorized\/artykul-w-dgp-z-wypowiedzia-mec-karola-tatary\/"},"modified":"2024-05-13T14:12:50","modified_gmt":"2024-05-13T12:12:50","slug":"artykul-w-dgp-z-wypowiedzia-mec-karola-tatary","status":"publish","type":"post","link":"https:\/\/tatara.com.pl\/en\/aktualnosci\/artykul-w-dgp-z-wypowiedzia-mec-karola-tatary\/","title":{"rendered":"Artyku\u0142 w DGP z wypowiedzi\u0105 mec. Karola Tatary"},"content":{"rendered":"\n<p>Z przyjemno\u015bci\u0105 informujemy, \u017ce w Dzienniku Gazecie Prawnej z dnia 15.03.2022 r. znalaz\u0142 si\u0119 artyku\u0142 red. Sonii Sobczyk-Grygiel pt. Moratorium na z\u0142o\u017cenie wniosku o og\u0142oszenie upad\u0142o\u015bci z powodu COVID-19. Usun\u0105\u0107 czy zmieni\u0107 przes\u0142ank\u0119? &#8211; z komentarzami mec. Karola Tatary &#8211; radcy prawnego i kwalifikowanego doradcy restrukturyzacyjnego.<\/p>\n\n\n\n<p>W swojej wypowiedzi mec. Tatara postuluje odej\u015bcie od oceny stanu epidemii jako powoduj\u0105cego kryzys, oraz zmian\u0119 go w kierunku aktualnych problem\u00f3w zwi\u0105zanych z wojn\u0105 w Ukrainie.<\/p>\n\n\n\n<p>Z artyku\u0142em mo\u017cna tak\u017ce zapozna\u0107 si\u0119 w wersji elektronicznej, pod <a href=\"https:\/\/www.gazetaprawna.pl\/firma-i-prawo\/artykuly\/8379438,pandemia-koronawirusa-ogloszenie-upadlosci-z-powodu-covid-19.html\" target=\"_blank\" rel=\"noreferrer noopener\">link<\/a>iem.<\/p>\n","protected":false},"excerpt":{"rendered":"<p>Z przyjemno\u015bci\u0105 informujemy, \u017ce w Dzienniku Gazecie Prawnej z dnia  [&#8230;]<\/p>\n","protected":false},"author":8,"featured_media":0,"comment_status":"open","ping_status":"open","sticky":false,"template":"","format":"standard","meta":{"_acf_changed":false,"footnotes":""},"categories":[336,342],"tags":[356,357,358],"class_list":["post-5741","post","type-post","status-publish","format-standard","hentry","category-aktualnosci","category-news","tag-covid-19","tag-moratorium","tag-pandemia"],"acf":[],"yoast_head":"<!-- This site is optimized with the Yoast SEO plugin v27.4 - https:\/\/yoast.com\/product\/yoast-seo-wordpress\/ -->\n<title>Artyku\u0142 w DGP z wypowiedzi\u0105 mec. Karola Tatary | Tatara i Wsp\u00f3lnicy sp.k.<\/title>\n<meta name=\"description\" content=\"Z przyjemno\u015bci\u0105 informujemy, \u017ce w Dzienniku Gazecie Prawnej z dnia 15.03.2022 r. znalaz\u0142 si\u0119 artyku\u0142 red. Sonii Sobczyk-Grygiel pt.\" \/>\n<meta name=\"robots\" content=\"index, follow, max-snippet:-1, max-image-preview:large, max-video-preview:-1\" \/>\n<link rel=\"canonical\" href=\"https:\/\/tatara.com.pl\/aktualnosci\/artykul-w-dgp-z-wypowiedzia-mec-karola-tatary\/\" \/>\n<meta property=\"og:locale\" content=\"en_US\" \/>\n<meta property=\"og:type\" content=\"article\" \/>\n<meta property=\"og:title\" content=\"Artyku\u0142 w DGP z wypowiedzi\u0105 mec. Karola Tatary | Tatara i Wsp\u00f3lnicy sp.k.\" \/>\n<meta property=\"og:description\" content=\"Z przyjemno\u015bci\u0105 informujemy, \u017ce w Dzienniku Gazecie Prawnej z dnia 15.03.2022 r. znalaz\u0142 si\u0119 artyku\u0142 red. Sonii Sobczyk-Grygiel pt.\" \/>\n<meta property=\"og:url\" content=\"https:\/\/tatara.com.pl\/aktualnosci\/artykul-w-dgp-z-wypowiedzia-mec-karola-tatary\/\" \/>\n<meta property=\"og:site_name\" content=\"Tatara i Wsp\u00f3lnicy sp.k.\" \/>\n<meta property=\"article:published_time\" content=\"2022-03-15T11:13:46+00:00\" \/>\n<meta property=\"article:modified_time\" content=\"2024-05-13T12:12:50+00:00\" \/>\n<meta name=\"author\" content=\"mateuszkalinski\" \/>\n<meta name=\"twitter:card\" content=\"summary_large_image\" \/>\n<meta name=\"twitter:label1\" content=\"Written by\" \/>\n\t<meta name=\"twitter:data1\" content=\"mateuszkalinski\" \/>\n\t<meta name=\"twitter:label2\" content=\"Est. reading time\" \/>\n\t<meta name=\"twitter:data2\" content=\"1 minute\" \/>\n<script type=\"application\/ld+json\" class=\"yoast-schema-graph\">{\"@context\":\"https:\\\/\\\/schema.org\",\"@graph\":[{\"@type\":\"Article\",\"@id\":\"https:\\\/\\\/tatara.com.pl\\\/aktualnosci\\\/artykul-w-dgp-z-wypowiedzia-mec-karola-tatary\\\/#article\",\"isPartOf\":{\"@id\":\"https:\\\/\\\/tatara.com.pl\\\/aktualnosci\\\/artykul-w-dgp-z-wypowiedzia-mec-karola-tatary\\\/\"},\"author\":{\"name\":\"mateuszkalinski\",\"@id\":\"https:\\\/\\\/tatara.com.pl\\\/#\\\/schema\\\/person\\\/0e1b8f1a9abf14b46f5a16dc72b66e74\"},\"headline\":\"Artyku\u0142 w DGP z wypowiedzi\u0105 mec. Karola Tatary\",\"datePublished\":\"2022-03-15T11:13:46+00:00\",\"dateModified\":\"2024-05-13T12:12:50+00:00\",\"mainEntityOfPage\":{\"@id\":\"https:\\\/\\\/tatara.com.pl\\\/aktualnosci\\\/artykul-w-dgp-z-wypowiedzia-mec-karola-tatary\\\/\"},\"wordCount\":104,\"commentCount\":0,\"keywords\":[\"Covid-19\",\"Moratorium\",\"Pandemia\"],\"articleSection\":[\"Aktualno\u015bci\",\"News\"],\"inLanguage\":\"en-US\",\"potentialAction\":[{\"@type\":\"CommentAction\",\"name\":\"Comment\",\"target\":[\"https:\\\/\\\/tatara.com.pl\\\/aktualnosci\\\/artykul-w-dgp-z-wypowiedzia-mec-karola-tatary\\\/#respond\"]}]},{\"@type\":\"WebPage\",\"@id\":\"https:\\\/\\\/tatara.com.pl\\\/aktualnosci\\\/artykul-w-dgp-z-wypowiedzia-mec-karola-tatary\\\/\",\"url\":\"https:\\\/\\\/tatara.com.pl\\\/aktualnosci\\\/artykul-w-dgp-z-wypowiedzia-mec-karola-tatary\\\/\",\"name\":\"Artyku\u0142 w DGP z wypowiedzi\u0105 mec. Karola Tatary | Tatara i Wsp\u00f3lnicy sp.k.\",\"isPartOf\":{\"@id\":\"https:\\\/\\\/tatara.com.pl\\\/#website\"},\"datePublished\":\"2022-03-15T11:13:46+00:00\",\"dateModified\":\"2024-05-13T12:12:50+00:00\",\"author\":{\"@id\":\"https:\\\/\\\/tatara.com.pl\\\/#\\\/schema\\\/person\\\/0e1b8f1a9abf14b46f5a16dc72b66e74\"},\"description\":\"Z przyjemno\u015bci\u0105 informujemy, \u017ce w Dzienniku Gazecie Prawnej z dnia 15.03.2022 r. znalaz\u0142 si\u0119 artyku\u0142 red. Sonii Sobczyk-Grygiel pt.\",\"breadcrumb\":{\"@id\":\"https:\\\/\\\/tatara.com.pl\\\/aktualnosci\\\/artykul-w-dgp-z-wypowiedzia-mec-karola-tatary\\\/#breadcrumb\"},\"inLanguage\":\"en-US\",\"potentialAction\":[{\"@type\":\"ReadAction\",\"target\":[\"https:\\\/\\\/tatara.com.pl\\\/aktualnosci\\\/artykul-w-dgp-z-wypowiedzia-mec-karola-tatary\\\/\"]}]},{\"@type\":\"BreadcrumbList\",\"@id\":\"https:\\\/\\\/tatara.com.pl\\\/aktualnosci\\\/artykul-w-dgp-z-wypowiedzia-mec-karola-tatary\\\/#breadcrumb\",\"itemListElement\":[{\"@type\":\"ListItem\",\"position\":1,\"name\":\"Tatara\",\"item\":\"https:\\\/\\\/tatara.com.pl\\\/en\\\/\"},{\"@type\":\"ListItem\",\"position\":2,\"name\":\"Artyku\u0142 w DGP z wypowiedzi\u0105 mec. Karola Tatary\"}]},{\"@type\":\"WebSite\",\"@id\":\"https:\\\/\\\/tatara.com.pl\\\/#website\",\"url\":\"https:\\\/\\\/tatara.com.pl\\\/\",\"name\":\"Tatara i Wsp\u00f3lnicy sp.k.\",\"description\":\"Tatara i Wsp\u00f3lnicy sp.k.\",\"potentialAction\":[{\"@type\":\"SearchAction\",\"target\":{\"@type\":\"EntryPoint\",\"urlTemplate\":\"https:\\\/\\\/tatara.com.pl\\\/?s={search_term_string}\"},\"query-input\":{\"@type\":\"PropertyValueSpecification\",\"valueRequired\":true,\"valueName\":\"search_term_string\"}}],\"inLanguage\":\"en-US\"},{\"@type\":\"Person\",\"@id\":\"https:\\\/\\\/tatara.com.pl\\\/#\\\/schema\\\/person\\\/0e1b8f1a9abf14b46f5a16dc72b66e74\",\"name\":\"mateuszkalinski\",\"image\":{\"@type\":\"ImageObject\",\"inLanguage\":\"en-US\",\"@id\":\"https:\\\/\\\/secure.gravatar.com\\\/avatar\\\/6b5cc80e546cf059cc15a6560655d2dd2ec264ae659997067719e76874dbcea7?s=96&d=mm&r=g\",\"url\":\"https:\\\/\\\/secure.gravatar.com\\\/avatar\\\/6b5cc80e546cf059cc15a6560655d2dd2ec264ae659997067719e76874dbcea7?s=96&d=mm&r=g\",\"contentUrl\":\"https:\\\/\\\/secure.gravatar.com\\\/avatar\\\/6b5cc80e546cf059cc15a6560655d2dd2ec264ae659997067719e76874dbcea7?s=96&d=mm&r=g\",\"caption\":\"mateuszkalinski\"}}]}<\/script>\n<!-- \/ Yoast SEO plugin. -->","yoast_head_json":{"title":"Artyku\u0142 w DGP z wypowiedzi\u0105 mec. Karola Tatary | Tatara i Wsp\u00f3lnicy sp.k.","description":"Z przyjemno\u015bci\u0105 informujemy, \u017ce w Dzienniku Gazecie Prawnej z dnia 15.03.2022 r. znalaz\u0142 si\u0119 artyku\u0142 red. Sonii Sobczyk-Grygiel pt.","robots":{"index":"index","follow":"follow","max-snippet":"max-snippet:-1","max-image-preview":"max-image-preview:large","max-video-preview":"max-video-preview:-1"},"canonical":"https:\/\/tatara.com.pl\/aktualnosci\/artykul-w-dgp-z-wypowiedzia-mec-karola-tatary\/","og_locale":"en_US","og_type":"article","og_title":"Artyku\u0142 w DGP z wypowiedzi\u0105 mec. Karola Tatary | Tatara i Wsp\u00f3lnicy sp.k.","og_description":"Z przyjemno\u015bci\u0105 informujemy, \u017ce w Dzienniku Gazecie Prawnej z dnia 15.03.2022 r. znalaz\u0142 si\u0119 artyku\u0142 red. Sonii Sobczyk-Grygiel pt.","og_url":"https:\/\/tatara.com.pl\/aktualnosci\/artykul-w-dgp-z-wypowiedzia-mec-karola-tatary\/","og_site_name":"Tatara i Wsp\u00f3lnicy sp.k.","article_published_time":"2022-03-15T11:13:46+00:00","article_modified_time":"2024-05-13T12:12:50+00:00","author":"mateuszkalinski","twitter_card":"summary_large_image","twitter_misc":{"Written by":"mateuszkalinski","Est. reading time":"1 minute"},"schema":{"@context":"https:\/\/schema.org","@graph":[{"@type":"Article","@id":"https:\/\/tatara.com.pl\/aktualnosci\/artykul-w-dgp-z-wypowiedzia-mec-karola-tatary\/#article","isPartOf":{"@id":"https:\/\/tatara.com.pl\/aktualnosci\/artykul-w-dgp-z-wypowiedzia-mec-karola-tatary\/"},"author":{"name":"mateuszkalinski","@id":"https:\/\/tatara.com.pl\/#\/schema\/person\/0e1b8f1a9abf14b46f5a16dc72b66e74"},"headline":"Artyku\u0142 w DGP z wypowiedzi\u0105 mec. Karola Tatary","datePublished":"2022-03-15T11:13:46+00:00","dateModified":"2024-05-13T12:12:50+00:00","mainEntityOfPage":{"@id":"https:\/\/tatara.com.pl\/aktualnosci\/artykul-w-dgp-z-wypowiedzia-mec-karola-tatary\/"},"wordCount":104,"commentCount":0,"keywords":["Covid-19","Moratorium","Pandemia"],"articleSection":["Aktualno\u015bci","News"],"inLanguage":"en-US","potentialAction":[{"@type":"CommentAction","name":"Comment","target":["https:\/\/tatara.com.pl\/aktualnosci\/artykul-w-dgp-z-wypowiedzia-mec-karola-tatary\/#respond"]}]},{"@type":"WebPage","@id":"https:\/\/tatara.com.pl\/aktualnosci\/artykul-w-dgp-z-wypowiedzia-mec-karola-tatary\/","url":"https:\/\/tatara.com.pl\/aktualnosci\/artykul-w-dgp-z-wypowiedzia-mec-karola-tatary\/","name":"Artyku\u0142 w DGP z wypowiedzi\u0105 mec. Karola Tatary | Tatara i Wsp\u00f3lnicy sp.k.","isPartOf":{"@id":"https:\/\/tatara.com.pl\/#website"},"datePublished":"2022-03-15T11:13:46+00:00","dateModified":"2024-05-13T12:12:50+00:00","author":{"@id":"https:\/\/tatara.com.pl\/#\/schema\/person\/0e1b8f1a9abf14b46f5a16dc72b66e74"},"description":"Z przyjemno\u015bci\u0105 informujemy, \u017ce w Dzienniku Gazecie Prawnej z dnia 15.03.2022 r. znalaz\u0142 si\u0119 artyku\u0142 red. Sonii Sobczyk-Grygiel pt.","breadcrumb":{"@id":"https:\/\/tatara.com.pl\/aktualnosci\/artykul-w-dgp-z-wypowiedzia-mec-karola-tatary\/#breadcrumb"},"inLanguage":"en-US","potentialAction":[{"@type":"ReadAction","target":["https:\/\/tatara.com.pl\/aktualnosci\/artykul-w-dgp-z-wypowiedzia-mec-karola-tatary\/"]}]},{"@type":"BreadcrumbList","@id":"https:\/\/tatara.com.pl\/aktualnosci\/artykul-w-dgp-z-wypowiedzia-mec-karola-tatary\/#breadcrumb","itemListElement":[{"@type":"ListItem","position":1,"name":"Tatara","item":"https:\/\/tatara.com.pl\/en\/"},{"@type":"ListItem","position":2,"name":"Artyku\u0142 w DGP z wypowiedzi\u0105 mec. Karola Tatary"}]},{"@type":"WebSite","@id":"https:\/\/tatara.com.pl\/#website","url":"https:\/\/tatara.com.pl\/","name":"Tatara i Wsp\u00f3lnicy sp.k.","description":"Tatara i Wsp\u00f3lnicy sp.k.","potentialAction":[{"@type":"SearchAction","target":{"@type":"EntryPoint","urlTemplate":"https:\/\/tatara.com.pl\/?s={search_term_string}"},"query-input":{"@type":"PropertyValueSpecification","valueRequired":true,"valueName":"search_term_string"}}],"inLanguage":"en-US"},{"@type":"Person","@id":"https:\/\/tatara.com.pl\/#\/schema\/person\/0e1b8f1a9abf14b46f5a16dc72b66e74","name":"mateuszkalinski","image":{"@type":"ImageObject","inLanguage":"en-US","@id":"https:\/\/secure.gravatar.com\/avatar\/6b5cc80e546cf059cc15a6560655d2dd2ec264ae659997067719e76874dbcea7?s=96&d=mm&r=g","url":"https:\/\/secure.gravatar.com\/avatar\/6b5cc80e546cf059cc15a6560655d2dd2ec264ae659997067719e76874dbcea7?s=96&d=mm&r=g","contentUrl":"https:\/\/secure.gravatar.com\/avatar\/6b5cc80e546cf059cc15a6560655d2dd2ec264ae659997067719e76874dbcea7?s=96&d=mm&r=g","caption":"mateuszkalinski"}}]}},"_links":{"self":[{"href":"https:\/\/tatara.com.pl\/en\/wp-json\/wp\/v2\/posts\/5741","targetHints":{"allow":["GET"]}}],"collection":[{"href":"https:\/\/tatara.com.pl\/en\/wp-json\/wp\/v2\/posts"}],"about":[{"href":"https:\/\/tatara.com.pl\/en\/wp-json\/wp\/v2\/types\/post"}],"author":[{"embeddable":true,"href":"https:\/\/tatara.com.pl\/en\/wp-json\/wp\/v2\/users\/8"}],"replies":[{"embeddable":true,"href":"https:\/\/tatara.com.pl\/en\/wp-json\/wp\/v2\/comments?post=5741"}],"version-history":[{"count":1,"href":"https:\/\/tatara.com.pl\/en\/wp-json\/wp\/v2\/posts\/5741\/revisions"}],"predecessor-version":[{"id":8540,"href":"https:\/\/tatara.com.pl\/en\/wp-json\/wp\/v2\/posts\/5741\/revisions\/8540"}],"wp:attachment":[{"href":"https:\/\/tatara.com.pl\/en\/wp-json\/wp\/v2\/media?parent=5741"}],"wp:term":[{"taxonomy":"category","embeddable":true,"href":"https:\/\/tatara.com.pl\/en\/wp-json\/wp\/v2\/categories?post=5741"},{"taxonomy":"post_tag","embeddable":true,"href":"https:\/\/tatara.com.pl\/en\/wp-json\/wp\/v2\/tags?post=5741"}],"curies":[{"name":"wp","href":"https:\/\/api.w.org\/{rel}","templated":true}]}}