{"id":5718,"date":"2021-09-01T13:12:52","date_gmt":"2021-09-01T11:12:52","guid":{"rendered":"https:\/\/tatara.com.pl\/uncategorized\/udzial-mec-k-tatary-w-forum-krynica-goes-digital-02-09-2021\/"},"modified":"2024-05-13T14:10:44","modified_gmt":"2024-05-13T12:10:44","slug":"udzial-mec-k-tatary-w-forum-krynica-goes-digital-02-09-2021","status":"publish","type":"post","link":"https:\/\/tatara.com.pl\/en\/aktualnosci\/udzial-mec-k-tatary-w-forum-krynica-goes-digital-02-09-2021\/","title":{"rendered":"Udzia\u0142 mec. K. Tatary w Forum Krynica Goes Digital \/ 02.09.2021"},"content":{"rendered":"\n<p>Z przyjemno\u015bci\u0105 informujemy, \u017ce mec. Karol Tatara &#8211; radca prawny oraz kwalifikowany doradca restrukturyzacyjny we\u017amie udzia\u0142 w panelu &#8220;Restrukturyzacja nie musi by\u0107 reanimacj\u0105&#8221; w czasie Forum Krynica Goes Digital, w ramach Cybersec Forum 2021.<\/p>\n\n\n\n<p>Dyskusja panelowa z udzia\u0142em mec. Tatary jest zaplanowane na czwartek 02.09.2021 r., godz. 15:15 &#8211; 15:45 w Krynicy-Zdroju.<\/p>\n\n\n\n<p>Z pe\u0142n\u0105 agend\u0105 Forum mo\u017cna zapozna\u0107 si\u0119 pod <a href=\"https:\/\/cybersecforum.eu\/pl\/agenda\/#0\" target=\"_blank\" rel=\"noreferrer noopener\">link<\/a>iem.<\/p>\n","protected":false},"excerpt":{"rendered":"<p>Z przyjemno\u015bci\u0105 informujemy, \u017ce mec. Karol Tatara &#8211; radca prawny  [&#8230;]<\/p>\n","protected":false},"author":8,"featured_media":0,"comment_status":"open","ping_status":"open","sticky":false,"template":"","format":"standard","meta":{"_acf_changed":false,"footnotes":""},"categories":[336],"tags":[341],"class_list":["post-5718","post","type-post","status-publish","format-standard","hentry","category-aktualnosci","tag-upr"],"acf":[],"yoast_head":"<!-- This site is optimized with the Yoast SEO plugin v27.4 - https:\/\/yoast.com\/product\/yoast-seo-wordpress\/ -->\n<title>Udzia\u0142 mec. K. Tatary w Forum Krynica Goes Digital \/ 02.09.2021 | Tatara i Wsp\u00f3lnicy sp.k.<\/title>\n<meta name=\"description\" content=\"Z przyjemno\u015bci\u0105 informujemy, \u017ce mec. Karol Tatara \u2013 radca prawny oraz kwalifikowany doradca restrukturyzacyjny we\u017amie udzia\u0142 w panelu \u201eRestrukturyzacja nie musi\u2026\" \/>\n<meta name=\"robots\" content=\"index, follow, max-snippet:-1, max-image-preview:large, max-video-preview:-1\" \/>\n<link rel=\"canonical\" href=\"https:\/\/tatara.com.pl\/aktualnosci\/udzial-mec-k-tatary-w-forum-krynica-goes-digital-02-09-2021\/\" \/>\n<meta property=\"og:locale\" content=\"en_US\" \/>\n<meta property=\"og:type\" content=\"article\" \/>\n<meta property=\"og:title\" content=\"Udzia\u0142 mec. K. Tatary w Forum Krynica Goes Digital \/ 02.09.2021 | Tatara i Wsp\u00f3lnicy sp.k.\" \/>\n<meta property=\"og:description\" content=\"Z przyjemno\u015bci\u0105 informujemy, \u017ce mec. Karol Tatara \u2013 radca prawny oraz kwalifikowany doradca restrukturyzacyjny we\u017amie udzia\u0142 w panelu \u201eRestrukturyzacja nie musi\u2026\" \/>\n<meta property=\"og:url\" content=\"https:\/\/tatara.com.pl\/aktualnosci\/udzial-mec-k-tatary-w-forum-krynica-goes-digital-02-09-2021\/\" \/>\n<meta property=\"og:site_name\" content=\"Tatara i Wsp\u00f3lnicy sp.k.\" \/>\n<meta property=\"article:published_time\" content=\"2021-09-01T11:12:52+00:00\" \/>\n<meta property=\"article:modified_time\" content=\"2024-05-13T12:10:44+00:00\" \/>\n<meta name=\"author\" content=\"mateuszkalinski\" \/>\n<meta name=\"twitter:card\" content=\"summary_large_image\" \/>\n<meta name=\"twitter:label1\" content=\"Written by\" \/>\n\t<meta name=\"twitter:data1\" content=\"mateuszkalinski\" \/>\n\t<meta name=\"twitter:label2\" content=\"Est. reading time\" \/>\n\t<meta name=\"twitter:data2\" content=\"1 minute\" \/>\n<script type=\"application\/ld+json\" class=\"yoast-schema-graph\">{\"@context\":\"https:\\\/\\\/schema.org\",\"@graph\":[{\"@type\":\"Article\",\"@id\":\"https:\\\/\\\/tatara.com.pl\\\/aktualnosci\\\/udzial-mec-k-tatary-w-forum-krynica-goes-digital-02-09-2021\\\/#article\",\"isPartOf\":{\"@id\":\"https:\\\/\\\/tatara.com.pl\\\/aktualnosci\\\/udzial-mec-k-tatary-w-forum-krynica-goes-digital-02-09-2021\\\/\"},\"author\":{\"name\":\"mateuszkalinski\",\"@id\":\"https:\\\/\\\/tatara.com.pl\\\/#\\\/schema\\\/person\\\/0e1b8f1a9abf14b46f5a16dc72b66e74\"},\"headline\":\"Udzia\u0142 mec. K. Tatary w Forum Krynica Goes Digital \\\/ 02.09.2021\",\"datePublished\":\"2021-09-01T11:12:52+00:00\",\"dateModified\":\"2024-05-13T12:10:44+00:00\",\"mainEntityOfPage\":{\"@id\":\"https:\\\/\\\/tatara.com.pl\\\/aktualnosci\\\/udzial-mec-k-tatary-w-forum-krynica-goes-digital-02-09-2021\\\/\"},\"wordCount\":71,\"commentCount\":0,\"keywords\":[\"upr\"],\"articleSection\":[\"Aktualno\u015bci\"],\"inLanguage\":\"en-US\",\"potentialAction\":[{\"@type\":\"CommentAction\",\"name\":\"Comment\",\"target\":[\"https:\\\/\\\/tatara.com.pl\\\/aktualnosci\\\/udzial-mec-k-tatary-w-forum-krynica-goes-digital-02-09-2021\\\/#respond\"]}]},{\"@type\":\"WebPage\",\"@id\":\"https:\\\/\\\/tatara.com.pl\\\/aktualnosci\\\/udzial-mec-k-tatary-w-forum-krynica-goes-digital-02-09-2021\\\/\",\"url\":\"https:\\\/\\\/tatara.com.pl\\\/aktualnosci\\\/udzial-mec-k-tatary-w-forum-krynica-goes-digital-02-09-2021\\\/\",\"name\":\"Udzia\u0142 mec. K. Tatary w Forum Krynica Goes Digital \\\/ 02.09.2021 | Tatara i Wsp\u00f3lnicy sp.k.\",\"isPartOf\":{\"@id\":\"https:\\\/\\\/tatara.com.pl\\\/#website\"},\"datePublished\":\"2021-09-01T11:12:52+00:00\",\"dateModified\":\"2024-05-13T12:10:44+00:00\",\"author\":{\"@id\":\"https:\\\/\\\/tatara.com.pl\\\/#\\\/schema\\\/person\\\/0e1b8f1a9abf14b46f5a16dc72b66e74\"},\"description\":\"Z przyjemno\u015bci\u0105 informujemy, \u017ce mec. Karol Tatara \u2013 radca prawny oraz kwalifikowany doradca restrukturyzacyjny we\u017amie udzia\u0142 w panelu \u201eRestrukturyzacja nie musi\u2026\",\"breadcrumb\":{\"@id\":\"https:\\\/\\\/tatara.com.pl\\\/aktualnosci\\\/udzial-mec-k-tatary-w-forum-krynica-goes-digital-02-09-2021\\\/#breadcrumb\"},\"inLanguage\":\"en-US\",\"potentialAction\":[{\"@type\":\"ReadAction\",\"target\":[\"https:\\\/\\\/tatara.com.pl\\\/aktualnosci\\\/udzial-mec-k-tatary-w-forum-krynica-goes-digital-02-09-2021\\\/\"]}]},{\"@type\":\"BreadcrumbList\",\"@id\":\"https:\\\/\\\/tatara.com.pl\\\/aktualnosci\\\/udzial-mec-k-tatary-w-forum-krynica-goes-digital-02-09-2021\\\/#breadcrumb\",\"itemListElement\":[{\"@type\":\"ListItem\",\"position\":1,\"name\":\"Tatara\",\"item\":\"https:\\\/\\\/tatara.com.pl\\\/en\\\/\"},{\"@type\":\"ListItem\",\"position\":2,\"name\":\"Udzia\u0142 mec. K. Tatary w Forum Krynica Goes Digital \\\/ 02.09.2021\"}]},{\"@type\":\"WebSite\",\"@id\":\"https:\\\/\\\/tatara.com.pl\\\/#website\",\"url\":\"https:\\\/\\\/tatara.com.pl\\\/\",\"name\":\"Tatara i Wsp\u00f3lnicy sp.k.\",\"description\":\"Tatara i Wsp\u00f3lnicy sp.k.\",\"potentialAction\":[{\"@type\":\"SearchAction\",\"target\":{\"@type\":\"EntryPoint\",\"urlTemplate\":\"https:\\\/\\\/tatara.com.pl\\\/?s={search_term_string}\"},\"query-input\":{\"@type\":\"PropertyValueSpecification\",\"valueRequired\":true,\"valueName\":\"search_term_string\"}}],\"inLanguage\":\"en-US\"},{\"@type\":\"Person\",\"@id\":\"https:\\\/\\\/tatara.com.pl\\\/#\\\/schema\\\/person\\\/0e1b8f1a9abf14b46f5a16dc72b66e74\",\"name\":\"mateuszkalinski\",\"image\":{\"@type\":\"ImageObject\",\"inLanguage\":\"en-US\",\"@id\":\"https:\\\/\\\/secure.gravatar.com\\\/avatar\\\/6b5cc80e546cf059cc15a6560655d2dd2ec264ae659997067719e76874dbcea7?s=96&d=mm&r=g\",\"url\":\"https:\\\/\\\/secure.gravatar.com\\\/avatar\\\/6b5cc80e546cf059cc15a6560655d2dd2ec264ae659997067719e76874dbcea7?s=96&d=mm&r=g\",\"contentUrl\":\"https:\\\/\\\/secure.gravatar.com\\\/avatar\\\/6b5cc80e546cf059cc15a6560655d2dd2ec264ae659997067719e76874dbcea7?s=96&d=mm&r=g\",\"caption\":\"mateuszkalinski\"}}]}<\/script>\n<!-- \/ Yoast SEO plugin. -->","yoast_head_json":{"title":"Udzia\u0142 mec. K. Tatary w Forum Krynica Goes Digital \/ 02.09.2021 | Tatara i Wsp\u00f3lnicy sp.k.","description":"Z przyjemno\u015bci\u0105 informujemy, \u017ce mec. Karol Tatara \u2013 radca prawny oraz kwalifikowany doradca restrukturyzacyjny we\u017amie udzia\u0142 w panelu \u201eRestrukturyzacja nie musi\u2026","robots":{"index":"index","follow":"follow","max-snippet":"max-snippet:-1","max-image-preview":"max-image-preview:large","max-video-preview":"max-video-preview:-1"},"canonical":"https:\/\/tatara.com.pl\/aktualnosci\/udzial-mec-k-tatary-w-forum-krynica-goes-digital-02-09-2021\/","og_locale":"en_US","og_type":"article","og_title":"Udzia\u0142 mec. K. Tatary w Forum Krynica Goes Digital \/ 02.09.2021 | Tatara i Wsp\u00f3lnicy sp.k.","og_description":"Z przyjemno\u015bci\u0105 informujemy, \u017ce mec. Karol Tatara \u2013 radca prawny oraz kwalifikowany doradca restrukturyzacyjny we\u017amie udzia\u0142 w panelu \u201eRestrukturyzacja nie musi\u2026","og_url":"https:\/\/tatara.com.pl\/aktualnosci\/udzial-mec-k-tatary-w-forum-krynica-goes-digital-02-09-2021\/","og_site_name":"Tatara i Wsp\u00f3lnicy sp.k.","article_published_time":"2021-09-01T11:12:52+00:00","article_modified_time":"2024-05-13T12:10:44+00:00","author":"mateuszkalinski","twitter_card":"summary_large_image","twitter_misc":{"Written by":"mateuszkalinski","Est. reading time":"1 minute"},"schema":{"@context":"https:\/\/schema.org","@graph":[{"@type":"Article","@id":"https:\/\/tatara.com.pl\/aktualnosci\/udzial-mec-k-tatary-w-forum-krynica-goes-digital-02-09-2021\/#article","isPartOf":{"@id":"https:\/\/tatara.com.pl\/aktualnosci\/udzial-mec-k-tatary-w-forum-krynica-goes-digital-02-09-2021\/"},"author":{"name":"mateuszkalinski","@id":"https:\/\/tatara.com.pl\/#\/schema\/person\/0e1b8f1a9abf14b46f5a16dc72b66e74"},"headline":"Udzia\u0142 mec. K. Tatary w Forum Krynica Goes Digital \/ 02.09.2021","datePublished":"2021-09-01T11:12:52+00:00","dateModified":"2024-05-13T12:10:44+00:00","mainEntityOfPage":{"@id":"https:\/\/tatara.com.pl\/aktualnosci\/udzial-mec-k-tatary-w-forum-krynica-goes-digital-02-09-2021\/"},"wordCount":71,"commentCount":0,"keywords":["upr"],"articleSection":["Aktualno\u015bci"],"inLanguage":"en-US","potentialAction":[{"@type":"CommentAction","name":"Comment","target":["https:\/\/tatara.com.pl\/aktualnosci\/udzial-mec-k-tatary-w-forum-krynica-goes-digital-02-09-2021\/#respond"]}]},{"@type":"WebPage","@id":"https:\/\/tatara.com.pl\/aktualnosci\/udzial-mec-k-tatary-w-forum-krynica-goes-digital-02-09-2021\/","url":"https:\/\/tatara.com.pl\/aktualnosci\/udzial-mec-k-tatary-w-forum-krynica-goes-digital-02-09-2021\/","name":"Udzia\u0142 mec. K. Tatary w Forum Krynica Goes Digital \/ 02.09.2021 | Tatara i Wsp\u00f3lnicy sp.k.","isPartOf":{"@id":"https:\/\/tatara.com.pl\/#website"},"datePublished":"2021-09-01T11:12:52+00:00","dateModified":"2024-05-13T12:10:44+00:00","author":{"@id":"https:\/\/tatara.com.pl\/#\/schema\/person\/0e1b8f1a9abf14b46f5a16dc72b66e74"},"description":"Z przyjemno\u015bci\u0105 informujemy, \u017ce mec. Karol Tatara \u2013 radca prawny oraz kwalifikowany doradca restrukturyzacyjny we\u017amie udzia\u0142 w panelu \u201eRestrukturyzacja nie musi\u2026","breadcrumb":{"@id":"https:\/\/tatara.com.pl\/aktualnosci\/udzial-mec-k-tatary-w-forum-krynica-goes-digital-02-09-2021\/#breadcrumb"},"inLanguage":"en-US","potentialAction":[{"@type":"ReadAction","target":["https:\/\/tatara.com.pl\/aktualnosci\/udzial-mec-k-tatary-w-forum-krynica-goes-digital-02-09-2021\/"]}]},{"@type":"BreadcrumbList","@id":"https:\/\/tatara.com.pl\/aktualnosci\/udzial-mec-k-tatary-w-forum-krynica-goes-digital-02-09-2021\/#breadcrumb","itemListElement":[{"@type":"ListItem","position":1,"name":"Tatara","item":"https:\/\/tatara.com.pl\/en\/"},{"@type":"ListItem","position":2,"name":"Udzia\u0142 mec. K. Tatary w Forum Krynica Goes Digital \/ 02.09.2021"}]},{"@type":"WebSite","@id":"https:\/\/tatara.com.pl\/#website","url":"https:\/\/tatara.com.pl\/","name":"Tatara i Wsp\u00f3lnicy sp.k.","description":"Tatara i Wsp\u00f3lnicy sp.k.","potentialAction":[{"@type":"SearchAction","target":{"@type":"EntryPoint","urlTemplate":"https:\/\/tatara.com.pl\/?s={search_term_string}"},"query-input":{"@type":"PropertyValueSpecification","valueRequired":true,"valueName":"search_term_string"}}],"inLanguage":"en-US"},{"@type":"Person","@id":"https:\/\/tatara.com.pl\/#\/schema\/person\/0e1b8f1a9abf14b46f5a16dc72b66e74","name":"mateuszkalinski","image":{"@type":"ImageObject","inLanguage":"en-US","@id":"https:\/\/secure.gravatar.com\/avatar\/6b5cc80e546cf059cc15a6560655d2dd2ec264ae659997067719e76874dbcea7?s=96&d=mm&r=g","url":"https:\/\/secure.gravatar.com\/avatar\/6b5cc80e546cf059cc15a6560655d2dd2ec264ae659997067719e76874dbcea7?s=96&d=mm&r=g","contentUrl":"https:\/\/secure.gravatar.com\/avatar\/6b5cc80e546cf059cc15a6560655d2dd2ec264ae659997067719e76874dbcea7?s=96&d=mm&r=g","caption":"mateuszkalinski"}}]}},"_links":{"self":[{"href":"https:\/\/tatara.com.pl\/en\/wp-json\/wp\/v2\/posts\/5718","targetHints":{"allow":["GET"]}}],"collection":[{"href":"https:\/\/tatara.com.pl\/en\/wp-json\/wp\/v2\/posts"}],"about":[{"href":"https:\/\/tatara.com.pl\/en\/wp-json\/wp\/v2\/types\/post"}],"author":[{"embeddable":true,"href":"https:\/\/tatara.com.pl\/en\/wp-json\/wp\/v2\/users\/8"}],"replies":[{"embeddable":true,"href":"https:\/\/tatara.com.pl\/en\/wp-json\/wp\/v2\/comments?post=5718"}],"version-history":[{"count":1,"href":"https:\/\/tatara.com.pl\/en\/wp-json\/wp\/v2\/posts\/5718\/revisions"}],"predecessor-version":[{"id":8533,"href":"https:\/\/tatara.com.pl\/en\/wp-json\/wp\/v2\/posts\/5718\/revisions\/8533"}],"wp:attachment":[{"href":"https:\/\/tatara.com.pl\/en\/wp-json\/wp\/v2\/media?parent=5718"}],"wp:term":[{"taxonomy":"category","embeddable":true,"href":"https:\/\/tatara.com.pl\/en\/wp-json\/wp\/v2\/categories?post=5718"},{"taxonomy":"post_tag","embeddable":true,"href":"https:\/\/tatara.com.pl\/en\/wp-json\/wp\/v2\/tags?post=5718"}],"curies":[{"name":"wp","href":"https:\/\/api.w.org\/{rel}","templated":true}]}}