{"id":5501,"date":"2019-09-09T16:26:21","date_gmt":"2019-09-09T14:26:21","guid":{"rendered":"https:\/\/tatara.com.pl\/uncategorized\/prezydent-podpisal-nowelizacje-prawa-upadlosciowego\/"},"modified":"2024-05-13T11:50:26","modified_gmt":"2024-05-13T09:50:26","slug":"prezydent-podpisal-nowelizacje-prawa-upadlosciowego","status":"publish","type":"post","link":"https:\/\/tatara.com.pl\/en\/aktualnosci\/prezydent-podpisal-nowelizacje-prawa-upadlosciowego\/","title":{"rendered":"Prezydent podpisa\u0142 nowelizacj\u0119 Prawa upad\u0142o\u015bciowego"},"content":{"rendered":"\n<h2>Nowelizacja Prawa upad\u0142o\u015bciowego 2019<\/h2>\n\n\n\n<p>Prezydent RP w pi\u0105tek 06.09.2019 r. podpisa\u0142 <strong>nowelizacj\u0119 Prawa upad\u0142o\u015bciowego<\/strong>, zak\u0142adaj\u0105c\u0105 m.in. dalsz\u0105 liberalizacj\u0119 upad\u0142o\u015bci konsumenckiej, zmiany w przygotowanej likwidacji oraz zmiany systemowe, jak chocia\u017cby prze\u0142o\u017cenie ci\u0119\u017caru prowadzenia cz\u0119\u015bci spraw upad\u0142o\u015bciowych na syndyk\u00f3w.<\/p>\n\n\n\n<p>Mec. Karol Tatara bra\u0142 udzia\u0142 w procesie legislacyjnym dot. przedmiotowej nowelizacji.<\/p>\n\n\n\n<p>Ustawa wejdzie w \u017cycie co do zasady po up\u0142ywie 6 miesi\u0119cy od publikacji w Dzienniku Ustaw.<\/p>\n<p>Przeczytaj r\u00f3wnie\u017c o <a href=\"https:\/\/tatara.com.pl\/so-w-warszawie-zatwierdzil-uklady-czesciowe-w-ruch-s-a\/\">uk\u0142adach cz\u0119\u015bciowych w Ruch S.A.<\/a><\/p>\n","protected":false},"excerpt":{"rendered":"<p>Nowelizacja Prawa upad\u0142o\u015bciowego 2019 Prezydent RP w pi\u0105tek 06.09.2019 r.  [&#8230;]<\/p>\n","protected":false},"author":5,"featured_media":0,"comment_status":"open","ping_status":"open","sticky":false,"template":"","format":"standard","meta":{"_acf_changed":false,"footnotes":""},"categories":[336],"tags":[337],"class_list":["post-5501","post","type-post","status-publish","format-standard","hentry","category-aktualnosci","tag-pre-pack"],"acf":[],"yoast_head":"<!-- This site is optimized with the Yoast SEO plugin v27.4 - https:\/\/yoast.com\/product\/yoast-seo-wordpress\/ -->\n<title>Nowelizacja Prawa upad\u0142o\u015bciowego 2019 | Kancelaria Tatara<\/title>\n<meta name=\"description\" content=\"Nowelizacja Prawa upad\u0142o\u015bciowego 2019. 6 wrze\u015bnia 2019 roku Prezydent RP podpisa\u0142 nowelizacj\u0119 Prawa upad\u0142o\u015bciowego. Przeczytaj o szczeg\u00f3\u0142ach na naszej stronie!\" \/>\n<meta name=\"robots\" content=\"index, follow, max-snippet:-1, max-image-preview:large, max-video-preview:-1\" \/>\n<link rel=\"canonical\" href=\"https:\/\/tatara.com.pl\/aktualnosci\/prezydent-podpisal-nowelizacje-prawa-upadlosciowego\/\" \/>\n<meta property=\"og:locale\" content=\"en_US\" \/>\n<meta property=\"og:type\" content=\"article\" \/>\n<meta property=\"og:title\" content=\"Nowelizacja Prawa upad\u0142o\u015bciowego 2019 | Kancelaria Tatara\" \/>\n<meta property=\"og:description\" content=\"Nowelizacja Prawa upad\u0142o\u015bciowego 2019. 6 wrze\u015bnia 2019 roku Prezydent RP podpisa\u0142 nowelizacj\u0119 Prawa upad\u0142o\u015bciowego. Przeczytaj o szczeg\u00f3\u0142ach na naszej stronie!\" \/>\n<meta property=\"og:url\" content=\"https:\/\/tatara.com.pl\/aktualnosci\/prezydent-podpisal-nowelizacje-prawa-upadlosciowego\/\" \/>\n<meta property=\"og:site_name\" content=\"Tatara i Wsp\u00f3lnicy sp.k.\" \/>\n<meta property=\"article:published_time\" content=\"2019-09-09T14:26:21+00:00\" \/>\n<meta property=\"article:modified_time\" content=\"2024-05-13T09:50:26+00:00\" \/>\n<meta name=\"author\" content=\"andrzejdzirba\" \/>\n<meta name=\"twitter:card\" content=\"summary_large_image\" \/>\n<meta name=\"twitter:label1\" content=\"Written by\" \/>\n\t<meta name=\"twitter:data1\" content=\"andrzejdzirba\" \/>\n\t<meta name=\"twitter:label2\" content=\"Est. reading time\" \/>\n\t<meta name=\"twitter:data2\" content=\"1 minute\" \/>\n<script type=\"application\/ld+json\" class=\"yoast-schema-graph\">{\"@context\":\"https:\\\/\\\/schema.org\",\"@graph\":[{\"@type\":\"Article\",\"@id\":\"https:\\\/\\\/tatara.com.pl\\\/aktualnosci\\\/prezydent-podpisal-nowelizacje-prawa-upadlosciowego\\\/#article\",\"isPartOf\":{\"@id\":\"https:\\\/\\\/tatara.com.pl\\\/aktualnosci\\\/prezydent-podpisal-nowelizacje-prawa-upadlosciowego\\\/\"},\"author\":{\"name\":\"andrzejdzirba\",\"@id\":\"https:\\\/\\\/tatara.com.pl\\\/#\\\/schema\\\/person\\\/99bdaac655951b64909c0d9b70073b5b\"},\"headline\":\"Prezydent podpisa\u0142 nowelizacj\u0119 Prawa upad\u0142o\u015bciowego\",\"datePublished\":\"2019-09-09T14:26:21+00:00\",\"dateModified\":\"2024-05-13T09:50:26+00:00\",\"mainEntityOfPage\":{\"@id\":\"https:\\\/\\\/tatara.com.pl\\\/aktualnosci\\\/prezydent-podpisal-nowelizacje-prawa-upadlosciowego\\\/\"},\"wordCount\":100,\"commentCount\":0,\"keywords\":[\"pre-pack\"],\"articleSection\":[\"Aktualno\u015bci\"],\"inLanguage\":\"en-US\",\"potentialAction\":[{\"@type\":\"CommentAction\",\"name\":\"Comment\",\"target\":[\"https:\\\/\\\/tatara.com.pl\\\/aktualnosci\\\/prezydent-podpisal-nowelizacje-prawa-upadlosciowego\\\/#respond\"]}]},{\"@type\":\"WebPage\",\"@id\":\"https:\\\/\\\/tatara.com.pl\\\/aktualnosci\\\/prezydent-podpisal-nowelizacje-prawa-upadlosciowego\\\/\",\"url\":\"https:\\\/\\\/tatara.com.pl\\\/aktualnosci\\\/prezydent-podpisal-nowelizacje-prawa-upadlosciowego\\\/\",\"name\":\"Nowelizacja Prawa upad\u0142o\u015bciowego 2019 | Kancelaria Tatara\",\"isPartOf\":{\"@id\":\"https:\\\/\\\/tatara.com.pl\\\/#website\"},\"datePublished\":\"2019-09-09T14:26:21+00:00\",\"dateModified\":\"2024-05-13T09:50:26+00:00\",\"author\":{\"@id\":\"https:\\\/\\\/tatara.com.pl\\\/#\\\/schema\\\/person\\\/99bdaac655951b64909c0d9b70073b5b\"},\"description\":\"Nowelizacja Prawa upad\u0142o\u015bciowego 2019. 6 wrze\u015bnia 2019 roku Prezydent RP podpisa\u0142 nowelizacj\u0119 Prawa upad\u0142o\u015bciowego. Przeczytaj o szczeg\u00f3\u0142ach na naszej stronie!\",\"breadcrumb\":{\"@id\":\"https:\\\/\\\/tatara.com.pl\\\/aktualnosci\\\/prezydent-podpisal-nowelizacje-prawa-upadlosciowego\\\/#breadcrumb\"},\"inLanguage\":\"en-US\",\"potentialAction\":[{\"@type\":\"ReadAction\",\"target\":[\"https:\\\/\\\/tatara.com.pl\\\/aktualnosci\\\/prezydent-podpisal-nowelizacje-prawa-upadlosciowego\\\/\"]}]},{\"@type\":\"BreadcrumbList\",\"@id\":\"https:\\\/\\\/tatara.com.pl\\\/aktualnosci\\\/prezydent-podpisal-nowelizacje-prawa-upadlosciowego\\\/#breadcrumb\",\"itemListElement\":[{\"@type\":\"ListItem\",\"position\":1,\"name\":\"Tatara\",\"item\":\"https:\\\/\\\/tatara.com.pl\\\/en\\\/\"},{\"@type\":\"ListItem\",\"position\":2,\"name\":\"Prezydent podpisa\u0142 nowelizacj\u0119 Prawa upad\u0142o\u015bciowego\"}]},{\"@type\":\"WebSite\",\"@id\":\"https:\\\/\\\/tatara.com.pl\\\/#website\",\"url\":\"https:\\\/\\\/tatara.com.pl\\\/\",\"name\":\"Tatara i Wsp\u00f3lnicy sp.k.\",\"description\":\"Tatara i Wsp\u00f3lnicy sp.k.\",\"potentialAction\":[{\"@type\":\"SearchAction\",\"target\":{\"@type\":\"EntryPoint\",\"urlTemplate\":\"https:\\\/\\\/tatara.com.pl\\\/?s={search_term_string}\"},\"query-input\":{\"@type\":\"PropertyValueSpecification\",\"valueRequired\":true,\"valueName\":\"search_term_string\"}}],\"inLanguage\":\"en-US\"},{\"@type\":\"Person\",\"@id\":\"https:\\\/\\\/tatara.com.pl\\\/#\\\/schema\\\/person\\\/99bdaac655951b64909c0d9b70073b5b\",\"name\":\"andrzejdzirba\",\"image\":{\"@type\":\"ImageObject\",\"inLanguage\":\"en-US\",\"@id\":\"https:\\\/\\\/secure.gravatar.com\\\/avatar\\\/4e780821afaf93f2878ec15b14c2c787c159b30035d9b295904b2357b1589888?s=96&d=mm&r=g\",\"url\":\"https:\\\/\\\/secure.gravatar.com\\\/avatar\\\/4e780821afaf93f2878ec15b14c2c787c159b30035d9b295904b2357b1589888?s=96&d=mm&r=g\",\"contentUrl\":\"https:\\\/\\\/secure.gravatar.com\\\/avatar\\\/4e780821afaf93f2878ec15b14c2c787c159b30035d9b295904b2357b1589888?s=96&d=mm&r=g\",\"caption\":\"andrzejdzirba\"}}]}<\/script>\n<!-- \/ Yoast SEO plugin. -->","yoast_head_json":{"title":"Nowelizacja Prawa upad\u0142o\u015bciowego 2019 | Kancelaria Tatara","description":"Nowelizacja Prawa upad\u0142o\u015bciowego 2019. 6 wrze\u015bnia 2019 roku Prezydent RP podpisa\u0142 nowelizacj\u0119 Prawa upad\u0142o\u015bciowego. Przeczytaj o szczeg\u00f3\u0142ach na naszej stronie!","robots":{"index":"index","follow":"follow","max-snippet":"max-snippet:-1","max-image-preview":"max-image-preview:large","max-video-preview":"max-video-preview:-1"},"canonical":"https:\/\/tatara.com.pl\/aktualnosci\/prezydent-podpisal-nowelizacje-prawa-upadlosciowego\/","og_locale":"en_US","og_type":"article","og_title":"Nowelizacja Prawa upad\u0142o\u015bciowego 2019 | Kancelaria Tatara","og_description":"Nowelizacja Prawa upad\u0142o\u015bciowego 2019. 6 wrze\u015bnia 2019 roku Prezydent RP podpisa\u0142 nowelizacj\u0119 Prawa upad\u0142o\u015bciowego. Przeczytaj o szczeg\u00f3\u0142ach na naszej stronie!","og_url":"https:\/\/tatara.com.pl\/aktualnosci\/prezydent-podpisal-nowelizacje-prawa-upadlosciowego\/","og_site_name":"Tatara i Wsp\u00f3lnicy sp.k.","article_published_time":"2019-09-09T14:26:21+00:00","article_modified_time":"2024-05-13T09:50:26+00:00","author":"andrzejdzirba","twitter_card":"summary_large_image","twitter_misc":{"Written by":"andrzejdzirba","Est. reading time":"1 minute"},"schema":{"@context":"https:\/\/schema.org","@graph":[{"@type":"Article","@id":"https:\/\/tatara.com.pl\/aktualnosci\/prezydent-podpisal-nowelizacje-prawa-upadlosciowego\/#article","isPartOf":{"@id":"https:\/\/tatara.com.pl\/aktualnosci\/prezydent-podpisal-nowelizacje-prawa-upadlosciowego\/"},"author":{"name":"andrzejdzirba","@id":"https:\/\/tatara.com.pl\/#\/schema\/person\/99bdaac655951b64909c0d9b70073b5b"},"headline":"Prezydent podpisa\u0142 nowelizacj\u0119 Prawa upad\u0142o\u015bciowego","datePublished":"2019-09-09T14:26:21+00:00","dateModified":"2024-05-13T09:50:26+00:00","mainEntityOfPage":{"@id":"https:\/\/tatara.com.pl\/aktualnosci\/prezydent-podpisal-nowelizacje-prawa-upadlosciowego\/"},"wordCount":100,"commentCount":0,"keywords":["pre-pack"],"articleSection":["Aktualno\u015bci"],"inLanguage":"en-US","potentialAction":[{"@type":"CommentAction","name":"Comment","target":["https:\/\/tatara.com.pl\/aktualnosci\/prezydent-podpisal-nowelizacje-prawa-upadlosciowego\/#respond"]}]},{"@type":"WebPage","@id":"https:\/\/tatara.com.pl\/aktualnosci\/prezydent-podpisal-nowelizacje-prawa-upadlosciowego\/","url":"https:\/\/tatara.com.pl\/aktualnosci\/prezydent-podpisal-nowelizacje-prawa-upadlosciowego\/","name":"Nowelizacja Prawa upad\u0142o\u015bciowego 2019 | Kancelaria Tatara","isPartOf":{"@id":"https:\/\/tatara.com.pl\/#website"},"datePublished":"2019-09-09T14:26:21+00:00","dateModified":"2024-05-13T09:50:26+00:00","author":{"@id":"https:\/\/tatara.com.pl\/#\/schema\/person\/99bdaac655951b64909c0d9b70073b5b"},"description":"Nowelizacja Prawa upad\u0142o\u015bciowego 2019. 6 wrze\u015bnia 2019 roku Prezydent RP podpisa\u0142 nowelizacj\u0119 Prawa upad\u0142o\u015bciowego. Przeczytaj o szczeg\u00f3\u0142ach na naszej stronie!","breadcrumb":{"@id":"https:\/\/tatara.com.pl\/aktualnosci\/prezydent-podpisal-nowelizacje-prawa-upadlosciowego\/#breadcrumb"},"inLanguage":"en-US","potentialAction":[{"@type":"ReadAction","target":["https:\/\/tatara.com.pl\/aktualnosci\/prezydent-podpisal-nowelizacje-prawa-upadlosciowego\/"]}]},{"@type":"BreadcrumbList","@id":"https:\/\/tatara.com.pl\/aktualnosci\/prezydent-podpisal-nowelizacje-prawa-upadlosciowego\/#breadcrumb","itemListElement":[{"@type":"ListItem","position":1,"name":"Tatara","item":"https:\/\/tatara.com.pl\/en\/"},{"@type":"ListItem","position":2,"name":"Prezydent podpisa\u0142 nowelizacj\u0119 Prawa upad\u0142o\u015bciowego"}]},{"@type":"WebSite","@id":"https:\/\/tatara.com.pl\/#website","url":"https:\/\/tatara.com.pl\/","name":"Tatara i Wsp\u00f3lnicy sp.k.","description":"Tatara i Wsp\u00f3lnicy sp.k.","potentialAction":[{"@type":"SearchAction","target":{"@type":"EntryPoint","urlTemplate":"https:\/\/tatara.com.pl\/?s={search_term_string}"},"query-input":{"@type":"PropertyValueSpecification","valueRequired":true,"valueName":"search_term_string"}}],"inLanguage":"en-US"},{"@type":"Person","@id":"https:\/\/tatara.com.pl\/#\/schema\/person\/99bdaac655951b64909c0d9b70073b5b","name":"andrzejdzirba","image":{"@type":"ImageObject","inLanguage":"en-US","@id":"https:\/\/secure.gravatar.com\/avatar\/4e780821afaf93f2878ec15b14c2c787c159b30035d9b295904b2357b1589888?s=96&d=mm&r=g","url":"https:\/\/secure.gravatar.com\/avatar\/4e780821afaf93f2878ec15b14c2c787c159b30035d9b295904b2357b1589888?s=96&d=mm&r=g","contentUrl":"https:\/\/secure.gravatar.com\/avatar\/4e780821afaf93f2878ec15b14c2c787c159b30035d9b295904b2357b1589888?s=96&d=mm&r=g","caption":"andrzejdzirba"}}]}},"_links":{"self":[{"href":"https:\/\/tatara.com.pl\/en\/wp-json\/wp\/v2\/posts\/5501","targetHints":{"allow":["GET"]}}],"collection":[{"href":"https:\/\/tatara.com.pl\/en\/wp-json\/wp\/v2\/posts"}],"about":[{"href":"https:\/\/tatara.com.pl\/en\/wp-json\/wp\/v2\/types\/post"}],"author":[{"embeddable":true,"href":"https:\/\/tatara.com.pl\/en\/wp-json\/wp\/v2\/users\/5"}],"replies":[{"embeddable":true,"href":"https:\/\/tatara.com.pl\/en\/wp-json\/wp\/v2\/comments?post=5501"}],"version-history":[{"count":1,"href":"https:\/\/tatara.com.pl\/en\/wp-json\/wp\/v2\/posts\/5501\/revisions"}],"predecessor-version":[{"id":8244,"href":"https:\/\/tatara.com.pl\/en\/wp-json\/wp\/v2\/posts\/5501\/revisions\/8244"}],"wp:attachment":[{"href":"https:\/\/tatara.com.pl\/en\/wp-json\/wp\/v2\/media?parent=5501"}],"wp:term":[{"taxonomy":"category","embeddable":true,"href":"https:\/\/tatara.com.pl\/en\/wp-json\/wp\/v2\/categories?post=5501"},{"taxonomy":"post_tag","embeddable":true,"href":"https:\/\/tatara.com.pl\/en\/wp-json\/wp\/v2\/tags?post=5501"}],"curies":[{"name":"wp","href":"https:\/\/api.w.org\/{rel}","templated":true}]}}