{"id":9402,"date":"2023-11-03T16:57:00","date_gmt":"2023-11-03T14:57:00","guid":{"rendered":"https:\/\/tatara.com.pl\/?p=9402"},"modified":"2024-06-20T12:45:36","modified_gmt":"2024-06-20T10:45:36","slug":"udzial-mec-karola-tatary-w-polskim-kongresie-przedsiebiorczosci-13-14-11-2023-r-w-krakowie","status":"publish","type":"post","link":"https:\/\/tatara.com.pl\/de\/aktualnosci\/udzial-mec-karola-tatary-w-polskim-kongresie-przedsiebiorczosci-13-14-11-2023-r-w-krakowie\/","title":{"rendered":"Udzia\u0142 mec. Karola Tatary w Polskim Kongresie Przedsi\u0119biorczo\u015bci 13-14.11.2023 r. w Krakowie"},"content":{"rendered":"\n<p>Mec. Karol Tatara &#8211; radca prawny i kwalifikowany doradca restrukturyzacyjny we\u017amie udzia\u0142 jako panelista w dyskusji Prawo do Biznesu, organizowanej w ramach X Polskiego Kongresu Przedsi\u0119biorczo\u015bci &#8211; w dniu 13.11.2023 r. w Krakowie.<\/p>\n\n\n\n<p>Wi\u0119cej informacji o Kongresie oraz mo\u017cliwo\u015b\u0107 zapisania si\u0119 pod <a href=\"https:\/\/polskikongres.pl\/\">linkiem.<\/a><\/p>\n","protected":false},"excerpt":{"rendered":"<p>Mec. Karol Tatara &#8211; radca prawny i kwalifikowany doradca restrukturyzacyjny  [&#8230;]<\/p>\n","protected":false},"author":8,"featured_media":0,"comment_status":"open","ping_status":"closed","sticky":false,"template":"","format":"standard","meta":{"_acf_changed":false,"footnotes":""},"categories":[336],"tags":[391,337,348],"class_list":["post-9402","post","type-post","status-publish","format-standard","hentry","category-aktualnosci","tag-kongres","tag-pre-pack","tag-restrukturyzacja"],"acf":[],"yoast_head":"<!-- This site is optimized with the Yoast SEO plugin v27.4 - https:\/\/yoast.com\/product\/yoast-seo-wordpress\/ -->\n<title>Udzia\u0142 mec. Karola Tatary w Polskim Kongresie Przedsi\u0119biorczo\u015bci 13-14.11.2023 r. w Krakowie - Tatara i Wsp\u00f3lnicy sp.k.<\/title>\n<meta name=\"robots\" content=\"index, follow, max-snippet:-1, max-image-preview:large, max-video-preview:-1\" \/>\n<link rel=\"canonical\" href=\"https:\/\/tatara.com.pl\/aktualnosci\/udzial-mec-karola-tatary-w-polskim-kongresie-przedsiebiorczosci-13-14-11-2023-r-w-krakowie\/\" \/>\n<meta property=\"og:locale\" content=\"de_DE\" \/>\n<meta property=\"og:type\" content=\"article\" \/>\n<meta property=\"og:title\" content=\"Udzia\u0142 mec. Karola Tatary w Polskim Kongresie Przedsi\u0119biorczo\u015bci 13-14.11.2023 r. w Krakowie - Tatara i Wsp\u00f3lnicy sp.k.\" \/>\n<meta property=\"og:description\" content=\"Mec. Karol Tatara &#8211; radca prawny i kwalifikowany doradca restrukturyzacyjny [...]\" \/>\n<meta property=\"og:url\" content=\"https:\/\/tatara.com.pl\/aktualnosci\/udzial-mec-karola-tatary-w-polskim-kongresie-przedsiebiorczosci-13-14-11-2023-r-w-krakowie\/\" \/>\n<meta property=\"og:site_name\" content=\"Tatara i Wsp\u00f3lnicy sp.k.\" \/>\n<meta property=\"article:published_time\" content=\"2023-11-03T14:57:00+00:00\" \/>\n<meta property=\"article:modified_time\" content=\"2024-06-20T10:45:36+00:00\" \/>\n<meta name=\"author\" content=\"mateuszkalinski\" \/>\n<meta name=\"twitter:card\" content=\"summary_large_image\" \/>\n<meta name=\"twitter:label1\" content=\"Verfasst von\" \/>\n\t<meta name=\"twitter:data1\" content=\"mateuszkalinski\" \/>\n\t<meta name=\"twitter:label2\" content=\"Gesch\u00e4tzte Lesezeit\" \/>\n\t<meta name=\"twitter:data2\" content=\"1\u00a0Minute\" \/>\n<script type=\"application\/ld+json\" class=\"yoast-schema-graph\">{\"@context\":\"https:\\\/\\\/schema.org\",\"@graph\":[{\"@type\":\"Article\",\"@id\":\"https:\\\/\\\/tatara.com.pl\\\/aktualnosci\\\/udzial-mec-karola-tatary-w-polskim-kongresie-przedsiebiorczosci-13-14-11-2023-r-w-krakowie\\\/#article\",\"isPartOf\":{\"@id\":\"https:\\\/\\\/tatara.com.pl\\\/aktualnosci\\\/udzial-mec-karola-tatary-w-polskim-kongresie-przedsiebiorczosci-13-14-11-2023-r-w-krakowie\\\/\"},\"author\":{\"name\":\"mateuszkalinski\",\"@id\":\"https:\\\/\\\/tatara.com.pl\\\/#\\\/schema\\\/person\\\/0e1b8f1a9abf14b46f5a16dc72b66e74\"},\"headline\":\"Udzia\u0142 mec. Karola Tatary w Polskim Kongresie Przedsi\u0119biorczo\u015bci 13-14.11.2023 r. w Krakowie\",\"datePublished\":\"2023-11-03T14:57:00+00:00\",\"dateModified\":\"2024-06-20T10:45:36+00:00\",\"mainEntityOfPage\":{\"@id\":\"https:\\\/\\\/tatara.com.pl\\\/aktualnosci\\\/udzial-mec-karola-tatary-w-polskim-kongresie-przedsiebiorczosci-13-14-11-2023-r-w-krakowie\\\/\"},\"wordCount\":61,\"commentCount\":0,\"keywords\":[\"Kongres\",\"pre-pack\",\"Restrukturyzacja\"],\"articleSection\":[\"Aktualno\u015bci\"],\"inLanguage\":\"de\",\"potentialAction\":[{\"@type\":\"CommentAction\",\"name\":\"Comment\",\"target\":[\"https:\\\/\\\/tatara.com.pl\\\/aktualnosci\\\/udzial-mec-karola-tatary-w-polskim-kongresie-przedsiebiorczosci-13-14-11-2023-r-w-krakowie\\\/#respond\"]}]},{\"@type\":\"WebPage\",\"@id\":\"https:\\\/\\\/tatara.com.pl\\\/aktualnosci\\\/udzial-mec-karola-tatary-w-polskim-kongresie-przedsiebiorczosci-13-14-11-2023-r-w-krakowie\\\/\",\"url\":\"https:\\\/\\\/tatara.com.pl\\\/aktualnosci\\\/udzial-mec-karola-tatary-w-polskim-kongresie-przedsiebiorczosci-13-14-11-2023-r-w-krakowie\\\/\",\"name\":\"Udzia\u0142 mec. Karola Tatary w Polskim Kongresie Przedsi\u0119biorczo\u015bci 13-14.11.2023 r. w Krakowie - Tatara i Wsp\u00f3lnicy sp.k.\",\"isPartOf\":{\"@id\":\"https:\\\/\\\/tatara.com.pl\\\/#website\"},\"datePublished\":\"2023-11-03T14:57:00+00:00\",\"dateModified\":\"2024-06-20T10:45:36+00:00\",\"author\":{\"@id\":\"https:\\\/\\\/tatara.com.pl\\\/#\\\/schema\\\/person\\\/0e1b8f1a9abf14b46f5a16dc72b66e74\"},\"breadcrumb\":{\"@id\":\"https:\\\/\\\/tatara.com.pl\\\/aktualnosci\\\/udzial-mec-karola-tatary-w-polskim-kongresie-przedsiebiorczosci-13-14-11-2023-r-w-krakowie\\\/#breadcrumb\"},\"inLanguage\":\"de\",\"potentialAction\":[{\"@type\":\"ReadAction\",\"target\":[\"https:\\\/\\\/tatara.com.pl\\\/aktualnosci\\\/udzial-mec-karola-tatary-w-polskim-kongresie-przedsiebiorczosci-13-14-11-2023-r-w-krakowie\\\/\"]}]},{\"@type\":\"BreadcrumbList\",\"@id\":\"https:\\\/\\\/tatara.com.pl\\\/aktualnosci\\\/udzial-mec-karola-tatary-w-polskim-kongresie-przedsiebiorczosci-13-14-11-2023-r-w-krakowie\\\/#breadcrumb\",\"itemListElement\":[{\"@type\":\"ListItem\",\"position\":1,\"name\":\"Tatara\",\"item\":\"https:\\\/\\\/tatara.com.pl\\\/de\\\/\"},{\"@type\":\"ListItem\",\"position\":2,\"name\":\"Udzia\u0142 mec. Karola Tatary w Polskim Kongresie Przedsi\u0119biorczo\u015bci 13-14.11.2023 r. w Krakowie\"}]},{\"@type\":\"WebSite\",\"@id\":\"https:\\\/\\\/tatara.com.pl\\\/#website\",\"url\":\"https:\\\/\\\/tatara.com.pl\\\/\",\"name\":\"Tatara i Wsp\u00f3lnicy sp.k.\",\"description\":\"Tatara i Wsp\u00f3lnicy sp.k.\",\"potentialAction\":[{\"@type\":\"SearchAction\",\"target\":{\"@type\":\"EntryPoint\",\"urlTemplate\":\"https:\\\/\\\/tatara.com.pl\\\/?s={search_term_string}\"},\"query-input\":{\"@type\":\"PropertyValueSpecification\",\"valueRequired\":true,\"valueName\":\"search_term_string\"}}],\"inLanguage\":\"de\"},{\"@type\":\"Person\",\"@id\":\"https:\\\/\\\/tatara.com.pl\\\/#\\\/schema\\\/person\\\/0e1b8f1a9abf14b46f5a16dc72b66e74\",\"name\":\"mateuszkalinski\",\"image\":{\"@type\":\"ImageObject\",\"inLanguage\":\"de\",\"@id\":\"https:\\\/\\\/secure.gravatar.com\\\/avatar\\\/6b5cc80e546cf059cc15a6560655d2dd2ec264ae659997067719e76874dbcea7?s=96&d=mm&r=g\",\"url\":\"https:\\\/\\\/secure.gravatar.com\\\/avatar\\\/6b5cc80e546cf059cc15a6560655d2dd2ec264ae659997067719e76874dbcea7?s=96&d=mm&r=g\",\"contentUrl\":\"https:\\\/\\\/secure.gravatar.com\\\/avatar\\\/6b5cc80e546cf059cc15a6560655d2dd2ec264ae659997067719e76874dbcea7?s=96&d=mm&r=g\",\"caption\":\"mateuszkalinski\"}}]}<\/script>\n<!-- \/ Yoast SEO plugin. -->","yoast_head_json":{"title":"Udzia\u0142 mec. Karola Tatary w Polskim Kongresie Przedsi\u0119biorczo\u015bci 13-14.11.2023 r. w Krakowie - Tatara i Wsp\u00f3lnicy sp.k.","robots":{"index":"index","follow":"follow","max-snippet":"max-snippet:-1","max-image-preview":"max-image-preview:large","max-video-preview":"max-video-preview:-1"},"canonical":"https:\/\/tatara.com.pl\/aktualnosci\/udzial-mec-karola-tatary-w-polskim-kongresie-przedsiebiorczosci-13-14-11-2023-r-w-krakowie\/","og_locale":"de_DE","og_type":"article","og_title":"Udzia\u0142 mec. Karola Tatary w Polskim Kongresie Przedsi\u0119biorczo\u015bci 13-14.11.2023 r. w Krakowie - Tatara i Wsp\u00f3lnicy sp.k.","og_description":"Mec. Karol Tatara &#8211; radca prawny i kwalifikowany doradca restrukturyzacyjny [...]","og_url":"https:\/\/tatara.com.pl\/aktualnosci\/udzial-mec-karola-tatary-w-polskim-kongresie-przedsiebiorczosci-13-14-11-2023-r-w-krakowie\/","og_site_name":"Tatara i Wsp\u00f3lnicy sp.k.","article_published_time":"2023-11-03T14:57:00+00:00","article_modified_time":"2024-06-20T10:45:36+00:00","author":"mateuszkalinski","twitter_card":"summary_large_image","twitter_misc":{"Verfasst von":"mateuszkalinski","Gesch\u00e4tzte Lesezeit":"1\u00a0Minute"},"schema":{"@context":"https:\/\/schema.org","@graph":[{"@type":"Article","@id":"https:\/\/tatara.com.pl\/aktualnosci\/udzial-mec-karola-tatary-w-polskim-kongresie-przedsiebiorczosci-13-14-11-2023-r-w-krakowie\/#article","isPartOf":{"@id":"https:\/\/tatara.com.pl\/aktualnosci\/udzial-mec-karola-tatary-w-polskim-kongresie-przedsiebiorczosci-13-14-11-2023-r-w-krakowie\/"},"author":{"name":"mateuszkalinski","@id":"https:\/\/tatara.com.pl\/#\/schema\/person\/0e1b8f1a9abf14b46f5a16dc72b66e74"},"headline":"Udzia\u0142 mec. Karola Tatary w Polskim Kongresie Przedsi\u0119biorczo\u015bci 13-14.11.2023 r. w Krakowie","datePublished":"2023-11-03T14:57:00+00:00","dateModified":"2024-06-20T10:45:36+00:00","mainEntityOfPage":{"@id":"https:\/\/tatara.com.pl\/aktualnosci\/udzial-mec-karola-tatary-w-polskim-kongresie-przedsiebiorczosci-13-14-11-2023-r-w-krakowie\/"},"wordCount":61,"commentCount":0,"keywords":["Kongres","pre-pack","Restrukturyzacja"],"articleSection":["Aktualno\u015bci"],"inLanguage":"de","potentialAction":[{"@type":"CommentAction","name":"Comment","target":["https:\/\/tatara.com.pl\/aktualnosci\/udzial-mec-karola-tatary-w-polskim-kongresie-przedsiebiorczosci-13-14-11-2023-r-w-krakowie\/#respond"]}]},{"@type":"WebPage","@id":"https:\/\/tatara.com.pl\/aktualnosci\/udzial-mec-karola-tatary-w-polskim-kongresie-przedsiebiorczosci-13-14-11-2023-r-w-krakowie\/","url":"https:\/\/tatara.com.pl\/aktualnosci\/udzial-mec-karola-tatary-w-polskim-kongresie-przedsiebiorczosci-13-14-11-2023-r-w-krakowie\/","name":"Udzia\u0142 mec. Karola Tatary w Polskim Kongresie Przedsi\u0119biorczo\u015bci 13-14.11.2023 r. w Krakowie - Tatara i Wsp\u00f3lnicy sp.k.","isPartOf":{"@id":"https:\/\/tatara.com.pl\/#website"},"datePublished":"2023-11-03T14:57:00+00:00","dateModified":"2024-06-20T10:45:36+00:00","author":{"@id":"https:\/\/tatara.com.pl\/#\/schema\/person\/0e1b8f1a9abf14b46f5a16dc72b66e74"},"breadcrumb":{"@id":"https:\/\/tatara.com.pl\/aktualnosci\/udzial-mec-karola-tatary-w-polskim-kongresie-przedsiebiorczosci-13-14-11-2023-r-w-krakowie\/#breadcrumb"},"inLanguage":"de","potentialAction":[{"@type":"ReadAction","target":["https:\/\/tatara.com.pl\/aktualnosci\/udzial-mec-karola-tatary-w-polskim-kongresie-przedsiebiorczosci-13-14-11-2023-r-w-krakowie\/"]}]},{"@type":"BreadcrumbList","@id":"https:\/\/tatara.com.pl\/aktualnosci\/udzial-mec-karola-tatary-w-polskim-kongresie-przedsiebiorczosci-13-14-11-2023-r-w-krakowie\/#breadcrumb","itemListElement":[{"@type":"ListItem","position":1,"name":"Tatara","item":"https:\/\/tatara.com.pl\/de\/"},{"@type":"ListItem","position":2,"name":"Udzia\u0142 mec. Karola Tatary w Polskim Kongresie Przedsi\u0119biorczo\u015bci 13-14.11.2023 r. w Krakowie"}]},{"@type":"WebSite","@id":"https:\/\/tatara.com.pl\/#website","url":"https:\/\/tatara.com.pl\/","name":"Tatara i Wsp\u00f3lnicy sp.k.","description":"Tatara i Wsp\u00f3lnicy sp.k.","potentialAction":[{"@type":"SearchAction","target":{"@type":"EntryPoint","urlTemplate":"https:\/\/tatara.com.pl\/?s={search_term_string}"},"query-input":{"@type":"PropertyValueSpecification","valueRequired":true,"valueName":"search_term_string"}}],"inLanguage":"de"},{"@type":"Person","@id":"https:\/\/tatara.com.pl\/#\/schema\/person\/0e1b8f1a9abf14b46f5a16dc72b66e74","name":"mateuszkalinski","image":{"@type":"ImageObject","inLanguage":"de","@id":"https:\/\/secure.gravatar.com\/avatar\/6b5cc80e546cf059cc15a6560655d2dd2ec264ae659997067719e76874dbcea7?s=96&d=mm&r=g","url":"https:\/\/secure.gravatar.com\/avatar\/6b5cc80e546cf059cc15a6560655d2dd2ec264ae659997067719e76874dbcea7?s=96&d=mm&r=g","contentUrl":"https:\/\/secure.gravatar.com\/avatar\/6b5cc80e546cf059cc15a6560655d2dd2ec264ae659997067719e76874dbcea7?s=96&d=mm&r=g","caption":"mateuszkalinski"}}]}},"_links":{"self":[{"href":"https:\/\/tatara.com.pl\/de\/wp-json\/wp\/v2\/posts\/9402","targetHints":{"allow":["GET"]}}],"collection":[{"href":"https:\/\/tatara.com.pl\/de\/wp-json\/wp\/v2\/posts"}],"about":[{"href":"https:\/\/tatara.com.pl\/de\/wp-json\/wp\/v2\/types\/post"}],"author":[{"embeddable":true,"href":"https:\/\/tatara.com.pl\/de\/wp-json\/wp\/v2\/users\/8"}],"replies":[{"embeddable":true,"href":"https:\/\/tatara.com.pl\/de\/wp-json\/wp\/v2\/comments?post=9402"}],"version-history":[{"count":1,"href":"https:\/\/tatara.com.pl\/de\/wp-json\/wp\/v2\/posts\/9402\/revisions"}],"predecessor-version":[{"id":9403,"href":"https:\/\/tatara.com.pl\/de\/wp-json\/wp\/v2\/posts\/9402\/revisions\/9403"}],"wp:attachment":[{"href":"https:\/\/tatara.com.pl\/de\/wp-json\/wp\/v2\/media?parent=9402"}],"wp:term":[{"taxonomy":"category","embeddable":true,"href":"https:\/\/tatara.com.pl\/de\/wp-json\/wp\/v2\/categories?post=9402"},{"taxonomy":"post_tag","embeddable":true,"href":"https:\/\/tatara.com.pl\/de\/wp-json\/wp\/v2\/tags?post=9402"}],"curies":[{"name":"wp","href":"https:\/\/api.w.org\/{rel}","templated":true}]}}