{"id":5737,"date":"2022-02-01T10:56:58","date_gmt":"2022-02-01T08:56:58","guid":{"rendered":"https:\/\/tatara.com.pl\/uncategorized\/artykul-w-dzienniku-gazecie-prawnej-z-komentarzem-mec-tatary\/"},"modified":"2024-05-13T13:23:29","modified_gmt":"2024-05-13T11:23:29","slug":"artykul-w-dzienniku-gazecie-prawnej-z-komentarzem-mec-tatary","status":"publish","type":"post","link":"https:\/\/tatara.com.pl\/de\/aktualnosci\/artykul-w-dzienniku-gazecie-prawnej-z-komentarzem-mec-tatary\/","title":{"rendered":"Artyku\u0142 w Dzienniku Gazecie Prawnej z komentarzem mec. Tatary"},"content":{"rendered":"\n<p>W Dzienniku Gazecie Prawnej zosta\u0142 opublikowany artyku\u0142 red. Sonii Sobczyk-Grygiel na temat planowanych zmian w prawie restrukturyzacyjnym.<\/p>\n\n\n\n<p>W artykule znalaz\u0142a si\u0119 tak\u017ce obszerniejsza opinia mec. Tatary. Z wersj\u0105 elektroniczn\u0105 mo\u017cna zapozna\u0107 si\u0119 pod <a href=\"https:\/\/www.gazetaprawna.pl\/firma-i-prawo\/artykuly\/8346493,uproszczona-restrukturyzacja-ochrona-praw-wierzycieli-zatwierdzenie-ukladu.html\" target=\"_blank\" rel=\"noreferrer noopener\">link<\/a>iem.<\/p>\n","protected":false},"excerpt":{"rendered":"<p>W Dzienniku Gazecie Prawnej zosta\u0142 opublikowany artyku\u0142 red. Sonii Sobczyk-Grygiel  [&#8230;]<\/p>\n","protected":false},"author":8,"featured_media":0,"comment_status":"open","ping_status":"open","sticky":false,"template":"","format":"standard","meta":{"_acf_changed":false,"footnotes":""},"categories":[336],"tags":[344,348,341],"class_list":["post-5737","post","type-post","status-publish","format-standard","hentry","category-aktualnosci","tag-dyrektywadrugiejszansy","tag-restrukturyzacja","tag-upr"],"acf":[],"yoast_head":"<!-- This site is optimized with the Yoast SEO plugin v27.4 - https:\/\/yoast.com\/product\/yoast-seo-wordpress\/ -->\n<title>Artyku\u0142 w Dzienniku Gazecie Prawnej z komentarzem mec. Tatary | Tatara i Wsp\u00f3lnicy sp.k.<\/title>\n<meta name=\"description\" content=\"W Dzienniku Gazecie Prawnej zosta\u0142 opublikowany artyku\u0142 red. Sonii Sobczyk-Grygiel na temat planowanych zmian w prawie restrukturyzacyjnym.\" \/>\n<meta name=\"robots\" content=\"index, follow, max-snippet:-1, max-image-preview:large, max-video-preview:-1\" \/>\n<link rel=\"canonical\" href=\"https:\/\/tatara.com.pl\/aktualnosci\/artykul-w-dzienniku-gazecie-prawnej-z-komentarzem-mec-tatary\/\" \/>\n<meta property=\"og:locale\" content=\"de_DE\" \/>\n<meta property=\"og:type\" content=\"article\" \/>\n<meta property=\"og:title\" content=\"Artyku\u0142 w Dzienniku Gazecie Prawnej z komentarzem mec. Tatary | Tatara i Wsp\u00f3lnicy sp.k.\" \/>\n<meta property=\"og:description\" content=\"W Dzienniku Gazecie Prawnej zosta\u0142 opublikowany artyku\u0142 red. Sonii Sobczyk-Grygiel na temat planowanych zmian w prawie restrukturyzacyjnym.\" \/>\n<meta property=\"og:url\" content=\"https:\/\/tatara.com.pl\/aktualnosci\/artykul-w-dzienniku-gazecie-prawnej-z-komentarzem-mec-tatary\/\" \/>\n<meta property=\"og:site_name\" content=\"Tatara i Wsp\u00f3lnicy sp.k.\" \/>\n<meta property=\"article:published_time\" content=\"2022-02-01T08:56:58+00:00\" \/>\n<meta property=\"article:modified_time\" content=\"2024-05-13T11:23:29+00:00\" \/>\n<meta name=\"author\" content=\"mateuszkalinski\" \/>\n<meta name=\"twitter:card\" content=\"summary_large_image\" \/>\n<meta name=\"twitter:label1\" content=\"Verfasst von\" \/>\n\t<meta name=\"twitter:data1\" content=\"mateuszkalinski\" \/>\n\t<meta name=\"twitter:label2\" content=\"Gesch\u00e4tzte Lesezeit\" \/>\n\t<meta name=\"twitter:data2\" content=\"1\u00a0Minute\" \/>\n<script type=\"application\/ld+json\" class=\"yoast-schema-graph\">{\"@context\":\"https:\\\/\\\/schema.org\",\"@graph\":[{\"@type\":\"Article\",\"@id\":\"https:\\\/\\\/tatara.com.pl\\\/aktualnosci\\\/artykul-w-dzienniku-gazecie-prawnej-z-komentarzem-mec-tatary\\\/#article\",\"isPartOf\":{\"@id\":\"https:\\\/\\\/tatara.com.pl\\\/aktualnosci\\\/artykul-w-dzienniku-gazecie-prawnej-z-komentarzem-mec-tatary\\\/\"},\"author\":{\"name\":\"mateuszkalinski\",\"@id\":\"https:\\\/\\\/tatara.com.pl\\\/#\\\/schema\\\/person\\\/0e1b8f1a9abf14b46f5a16dc72b66e74\"},\"headline\":\"Artyku\u0142 w Dzienniku Gazecie Prawnej z komentarzem mec. Tatary\",\"datePublished\":\"2022-02-01T08:56:58+00:00\",\"dateModified\":\"2024-05-13T11:23:29+00:00\",\"mainEntityOfPage\":{\"@id\":\"https:\\\/\\\/tatara.com.pl\\\/aktualnosci\\\/artykul-w-dzienniku-gazecie-prawnej-z-komentarzem-mec-tatary\\\/\"},\"wordCount\":46,\"commentCount\":0,\"keywords\":[\"DyrektywaDrugiejSzansy\",\"Restrukturyzacja\",\"upr\"],\"articleSection\":[\"Aktualno\u015bci\"],\"inLanguage\":\"de\",\"potentialAction\":[{\"@type\":\"CommentAction\",\"name\":\"Comment\",\"target\":[\"https:\\\/\\\/tatara.com.pl\\\/aktualnosci\\\/artykul-w-dzienniku-gazecie-prawnej-z-komentarzem-mec-tatary\\\/#respond\"]}]},{\"@type\":\"WebPage\",\"@id\":\"https:\\\/\\\/tatara.com.pl\\\/aktualnosci\\\/artykul-w-dzienniku-gazecie-prawnej-z-komentarzem-mec-tatary\\\/\",\"url\":\"https:\\\/\\\/tatara.com.pl\\\/aktualnosci\\\/artykul-w-dzienniku-gazecie-prawnej-z-komentarzem-mec-tatary\\\/\",\"name\":\"Artyku\u0142 w Dzienniku Gazecie Prawnej z komentarzem mec. Tatary | Tatara i Wsp\u00f3lnicy sp.k.\",\"isPartOf\":{\"@id\":\"https:\\\/\\\/tatara.com.pl\\\/#website\"},\"datePublished\":\"2022-02-01T08:56:58+00:00\",\"dateModified\":\"2024-05-13T11:23:29+00:00\",\"author\":{\"@id\":\"https:\\\/\\\/tatara.com.pl\\\/#\\\/schema\\\/person\\\/0e1b8f1a9abf14b46f5a16dc72b66e74\"},\"description\":\"W Dzienniku Gazecie Prawnej zosta\u0142 opublikowany artyku\u0142 red. Sonii Sobczyk-Grygiel na temat planowanych zmian w prawie restrukturyzacyjnym.\",\"breadcrumb\":{\"@id\":\"https:\\\/\\\/tatara.com.pl\\\/aktualnosci\\\/artykul-w-dzienniku-gazecie-prawnej-z-komentarzem-mec-tatary\\\/#breadcrumb\"},\"inLanguage\":\"de\",\"potentialAction\":[{\"@type\":\"ReadAction\",\"target\":[\"https:\\\/\\\/tatara.com.pl\\\/aktualnosci\\\/artykul-w-dzienniku-gazecie-prawnej-z-komentarzem-mec-tatary\\\/\"]}]},{\"@type\":\"BreadcrumbList\",\"@id\":\"https:\\\/\\\/tatara.com.pl\\\/aktualnosci\\\/artykul-w-dzienniku-gazecie-prawnej-z-komentarzem-mec-tatary\\\/#breadcrumb\",\"itemListElement\":[{\"@type\":\"ListItem\",\"position\":1,\"name\":\"Tatara\",\"item\":\"https:\\\/\\\/tatara.com.pl\\\/de\\\/\"},{\"@type\":\"ListItem\",\"position\":2,\"name\":\"Artyku\u0142 w Dzienniku Gazecie Prawnej z komentarzem mec. Tatary\"}]},{\"@type\":\"WebSite\",\"@id\":\"https:\\\/\\\/tatara.com.pl\\\/#website\",\"url\":\"https:\\\/\\\/tatara.com.pl\\\/\",\"name\":\"Tatara i Wsp\u00f3lnicy sp.k.\",\"description\":\"Tatara i Wsp\u00f3lnicy sp.k.\",\"potentialAction\":[{\"@type\":\"SearchAction\",\"target\":{\"@type\":\"EntryPoint\",\"urlTemplate\":\"https:\\\/\\\/tatara.com.pl\\\/?s={search_term_string}\"},\"query-input\":{\"@type\":\"PropertyValueSpecification\",\"valueRequired\":true,\"valueName\":\"search_term_string\"}}],\"inLanguage\":\"de\"},{\"@type\":\"Person\",\"@id\":\"https:\\\/\\\/tatara.com.pl\\\/#\\\/schema\\\/person\\\/0e1b8f1a9abf14b46f5a16dc72b66e74\",\"name\":\"mateuszkalinski\",\"image\":{\"@type\":\"ImageObject\",\"inLanguage\":\"de\",\"@id\":\"https:\\\/\\\/secure.gravatar.com\\\/avatar\\\/6b5cc80e546cf059cc15a6560655d2dd2ec264ae659997067719e76874dbcea7?s=96&d=mm&r=g\",\"url\":\"https:\\\/\\\/secure.gravatar.com\\\/avatar\\\/6b5cc80e546cf059cc15a6560655d2dd2ec264ae659997067719e76874dbcea7?s=96&d=mm&r=g\",\"contentUrl\":\"https:\\\/\\\/secure.gravatar.com\\\/avatar\\\/6b5cc80e546cf059cc15a6560655d2dd2ec264ae659997067719e76874dbcea7?s=96&d=mm&r=g\",\"caption\":\"mateuszkalinski\"}}]}<\/script>\n<!-- \/ Yoast SEO plugin. -->","yoast_head_json":{"title":"Artyku\u0142 w Dzienniku Gazecie Prawnej z komentarzem mec. Tatary | Tatara i Wsp\u00f3lnicy sp.k.","description":"W Dzienniku Gazecie Prawnej zosta\u0142 opublikowany artyku\u0142 red. Sonii Sobczyk-Grygiel na temat planowanych zmian w prawie restrukturyzacyjnym.","robots":{"index":"index","follow":"follow","max-snippet":"max-snippet:-1","max-image-preview":"max-image-preview:large","max-video-preview":"max-video-preview:-1"},"canonical":"https:\/\/tatara.com.pl\/aktualnosci\/artykul-w-dzienniku-gazecie-prawnej-z-komentarzem-mec-tatary\/","og_locale":"de_DE","og_type":"article","og_title":"Artyku\u0142 w Dzienniku Gazecie Prawnej z komentarzem mec. Tatary | Tatara i Wsp\u00f3lnicy sp.k.","og_description":"W Dzienniku Gazecie Prawnej zosta\u0142 opublikowany artyku\u0142 red. Sonii Sobczyk-Grygiel na temat planowanych zmian w prawie restrukturyzacyjnym.","og_url":"https:\/\/tatara.com.pl\/aktualnosci\/artykul-w-dzienniku-gazecie-prawnej-z-komentarzem-mec-tatary\/","og_site_name":"Tatara i Wsp\u00f3lnicy sp.k.","article_published_time":"2022-02-01T08:56:58+00:00","article_modified_time":"2024-05-13T11:23:29+00:00","author":"mateuszkalinski","twitter_card":"summary_large_image","twitter_misc":{"Verfasst von":"mateuszkalinski","Gesch\u00e4tzte Lesezeit":"1\u00a0Minute"},"schema":{"@context":"https:\/\/schema.org","@graph":[{"@type":"Article","@id":"https:\/\/tatara.com.pl\/aktualnosci\/artykul-w-dzienniku-gazecie-prawnej-z-komentarzem-mec-tatary\/#article","isPartOf":{"@id":"https:\/\/tatara.com.pl\/aktualnosci\/artykul-w-dzienniku-gazecie-prawnej-z-komentarzem-mec-tatary\/"},"author":{"name":"mateuszkalinski","@id":"https:\/\/tatara.com.pl\/#\/schema\/person\/0e1b8f1a9abf14b46f5a16dc72b66e74"},"headline":"Artyku\u0142 w Dzienniku Gazecie Prawnej z komentarzem mec. Tatary","datePublished":"2022-02-01T08:56:58+00:00","dateModified":"2024-05-13T11:23:29+00:00","mainEntityOfPage":{"@id":"https:\/\/tatara.com.pl\/aktualnosci\/artykul-w-dzienniku-gazecie-prawnej-z-komentarzem-mec-tatary\/"},"wordCount":46,"commentCount":0,"keywords":["DyrektywaDrugiejSzansy","Restrukturyzacja","upr"],"articleSection":["Aktualno\u015bci"],"inLanguage":"de","potentialAction":[{"@type":"CommentAction","name":"Comment","target":["https:\/\/tatara.com.pl\/aktualnosci\/artykul-w-dzienniku-gazecie-prawnej-z-komentarzem-mec-tatary\/#respond"]}]},{"@type":"WebPage","@id":"https:\/\/tatara.com.pl\/aktualnosci\/artykul-w-dzienniku-gazecie-prawnej-z-komentarzem-mec-tatary\/","url":"https:\/\/tatara.com.pl\/aktualnosci\/artykul-w-dzienniku-gazecie-prawnej-z-komentarzem-mec-tatary\/","name":"Artyku\u0142 w Dzienniku Gazecie Prawnej z komentarzem mec. Tatary | Tatara i Wsp\u00f3lnicy sp.k.","isPartOf":{"@id":"https:\/\/tatara.com.pl\/#website"},"datePublished":"2022-02-01T08:56:58+00:00","dateModified":"2024-05-13T11:23:29+00:00","author":{"@id":"https:\/\/tatara.com.pl\/#\/schema\/person\/0e1b8f1a9abf14b46f5a16dc72b66e74"},"description":"W Dzienniku Gazecie Prawnej zosta\u0142 opublikowany artyku\u0142 red. Sonii Sobczyk-Grygiel na temat planowanych zmian w prawie restrukturyzacyjnym.","breadcrumb":{"@id":"https:\/\/tatara.com.pl\/aktualnosci\/artykul-w-dzienniku-gazecie-prawnej-z-komentarzem-mec-tatary\/#breadcrumb"},"inLanguage":"de","potentialAction":[{"@type":"ReadAction","target":["https:\/\/tatara.com.pl\/aktualnosci\/artykul-w-dzienniku-gazecie-prawnej-z-komentarzem-mec-tatary\/"]}]},{"@type":"BreadcrumbList","@id":"https:\/\/tatara.com.pl\/aktualnosci\/artykul-w-dzienniku-gazecie-prawnej-z-komentarzem-mec-tatary\/#breadcrumb","itemListElement":[{"@type":"ListItem","position":1,"name":"Tatara","item":"https:\/\/tatara.com.pl\/de\/"},{"@type":"ListItem","position":2,"name":"Artyku\u0142 w Dzienniku Gazecie Prawnej z komentarzem mec. Tatary"}]},{"@type":"WebSite","@id":"https:\/\/tatara.com.pl\/#website","url":"https:\/\/tatara.com.pl\/","name":"Tatara i Wsp\u00f3lnicy sp.k.","description":"Tatara i Wsp\u00f3lnicy sp.k.","potentialAction":[{"@type":"SearchAction","target":{"@type":"EntryPoint","urlTemplate":"https:\/\/tatara.com.pl\/?s={search_term_string}"},"query-input":{"@type":"PropertyValueSpecification","valueRequired":true,"valueName":"search_term_string"}}],"inLanguage":"de"},{"@type":"Person","@id":"https:\/\/tatara.com.pl\/#\/schema\/person\/0e1b8f1a9abf14b46f5a16dc72b66e74","name":"mateuszkalinski","image":{"@type":"ImageObject","inLanguage":"de","@id":"https:\/\/secure.gravatar.com\/avatar\/6b5cc80e546cf059cc15a6560655d2dd2ec264ae659997067719e76874dbcea7?s=96&d=mm&r=g","url":"https:\/\/secure.gravatar.com\/avatar\/6b5cc80e546cf059cc15a6560655d2dd2ec264ae659997067719e76874dbcea7?s=96&d=mm&r=g","contentUrl":"https:\/\/secure.gravatar.com\/avatar\/6b5cc80e546cf059cc15a6560655d2dd2ec264ae659997067719e76874dbcea7?s=96&d=mm&r=g","caption":"mateuszkalinski"}}]}},"_links":{"self":[{"href":"https:\/\/tatara.com.pl\/de\/wp-json\/wp\/v2\/posts\/5737","targetHints":{"allow":["GET"]}}],"collection":[{"href":"https:\/\/tatara.com.pl\/de\/wp-json\/wp\/v2\/posts"}],"about":[{"href":"https:\/\/tatara.com.pl\/de\/wp-json\/wp\/v2\/types\/post"}],"author":[{"embeddable":true,"href":"https:\/\/tatara.com.pl\/de\/wp-json\/wp\/v2\/users\/8"}],"replies":[{"embeddable":true,"href":"https:\/\/tatara.com.pl\/de\/wp-json\/wp\/v2\/comments?post=5737"}],"version-history":[{"count":1,"href":"https:\/\/tatara.com.pl\/de\/wp-json\/wp\/v2\/posts\/5737\/revisions"}],"predecessor-version":[{"id":8442,"href":"https:\/\/tatara.com.pl\/de\/wp-json\/wp\/v2\/posts\/5737\/revisions\/8442"}],"wp:attachment":[{"href":"https:\/\/tatara.com.pl\/de\/wp-json\/wp\/v2\/media?parent=5737"}],"wp:term":[{"taxonomy":"category","embeddable":true,"href":"https:\/\/tatara.com.pl\/de\/wp-json\/wp\/v2\/categories?post=5737"},{"taxonomy":"post_tag","embeddable":true,"href":"https:\/\/tatara.com.pl\/de\/wp-json\/wp\/v2\/tags?post=5737"}],"curies":[{"name":"wp","href":"https:\/\/api.w.org\/{rel}","templated":true}]}}