{"id":5690,"date":"2021-03-19T12:32:15","date_gmt":"2021-03-19T10:32:15","guid":{"rendered":"https:\/\/tatara.com.pl\/uncategorized\/mec-karol-tatara-wyrozniony-w-chambers-europe-2021\/"},"modified":"2024-05-13T13:17:42","modified_gmt":"2024-05-13T11:17:42","slug":"mec-karol-tatara-wyrozniony-w-chambers-europe-2021","status":"publish","type":"post","link":"https:\/\/tatara.com.pl\/de\/aktualnosci\/mec-karol-tatara-wyrozniony-w-chambers-europe-2021\/","title":{"rendered":"Mec. Karol Tatara wyr\u00f3\u017cniony w Chambers Europe 2021"},"content":{"rendered":"\n<p>Z dum\u0105 informujemy, \u017ce mec. Karol Tatara &#8211; radca prawny i kwalifikowany <a href=\"https:\/\/tatara.com.pl\/kwalifikowany-doradca-restrukturyzacyjny-czym-sie-zajmuje-i-jak-mozna-uzyskac-ten-tytul-3058\/\">doradca restrukturyzacyjny<\/a> zosta\u0142 wyr\u00f3\u017cniony Band 4 w mi\u0119dzynarodowym Rankingu Chambers Europe 2021 w kategorii Restructuring\/Insolvency Poland.<\/p>\n\n\n\n<p>Serdecznie gratulujemy Wszystkich Wyr\u00f3\u017cnionym!<\/p>\n\n\n\n<figure class=\"wp-block-image size-large\"><img decoding=\"async\" src=\"data:image\/gif;base64,R0lGODlhAQABAAAAACH5BAEKAAEALAAAAAABAAEAAAICTAEAOw==\" data-orig-src=\"https:\/\/tatara.com.pl\/wp-content\/uploads\/2021\/03\/KT_Chambers_2021.jpg\" alt=\"\" class=\"lazyload wp-image-3396\"\/><\/figure>\n","protected":false},"excerpt":{"rendered":"<p>Z dum\u0105 informujemy, \u017ce mec. Karol Tatara &#8211; radca prawny  [&#8230;]<\/p>\n","protected":false},"author":8,"featured_media":0,"comment_status":"open","ping_status":"open","sticky":false,"template":"","format":"standard","meta":{"_acf_changed":false,"footnotes":""},"categories":[336,342],"tags":[],"class_list":["post-5690","post","type-post","status-publish","format-standard","hentry","category-aktualnosci","category-news"],"acf":[],"yoast_head":"<!-- This site is optimized with the Yoast SEO plugin v27.4 - https:\/\/yoast.com\/product\/yoast-seo-wordpress\/ -->\n<title>Mec. Karol Tatara wyr\u00f3\u017cniony w Chambers Europe 2021 | Tatara i Wsp\u00f3lnicy sp.k.<\/title>\n<meta name=\"description\" content=\"Z dum\u0105 informujemy, \u017ce mec. Karol Tatara \u2013 radca prawny i kwalifikowany doradca restrukturyzacyjny zosta\u0142 wyr\u00f3\u017cniony Band 4 w mi\u0119dzynarodowym Rankingu Chambers\u2026\" \/>\n<meta name=\"robots\" content=\"index, follow, max-snippet:-1, max-image-preview:large, max-video-preview:-1\" \/>\n<link rel=\"canonical\" href=\"https:\/\/tatara.com.pl\/aktualnosci\/mec-karol-tatara-wyrozniony-w-chambers-europe-2021\/\" \/>\n<meta property=\"og:locale\" content=\"de_DE\" \/>\n<meta property=\"og:type\" content=\"article\" \/>\n<meta property=\"og:title\" content=\"Mec. Karol Tatara wyr\u00f3\u017cniony w Chambers Europe 2021 | Tatara i Wsp\u00f3lnicy sp.k.\" \/>\n<meta property=\"og:description\" content=\"Z dum\u0105 informujemy, \u017ce mec. Karol Tatara \u2013 radca prawny i kwalifikowany doradca restrukturyzacyjny zosta\u0142 wyr\u00f3\u017cniony Band 4 w mi\u0119dzynarodowym Rankingu Chambers\u2026\" \/>\n<meta property=\"og:url\" content=\"https:\/\/tatara.com.pl\/aktualnosci\/mec-karol-tatara-wyrozniony-w-chambers-europe-2021\/\" \/>\n<meta property=\"og:site_name\" content=\"Tatara i Wsp\u00f3lnicy sp.k.\" \/>\n<meta property=\"article:published_time\" content=\"2021-03-19T10:32:15+00:00\" \/>\n<meta property=\"article:modified_time\" content=\"2024-05-13T11:17:42+00:00\" \/>\n<meta property=\"og:image\" content=\"https:\/\/tatara.com.pl\/wp-content\/uploads\/2021\/03\/KT_Chambers_2021.jpg\" \/>\n<meta name=\"author\" content=\"mateuszkalinski\" \/>\n<meta name=\"twitter:card\" content=\"summary_large_image\" \/>\n<meta name=\"twitter:label1\" content=\"Verfasst von\" \/>\n\t<meta name=\"twitter:data1\" content=\"mateuszkalinski\" \/>\n\t<meta name=\"twitter:label2\" content=\"Gesch\u00e4tzte Lesezeit\" \/>\n\t<meta name=\"twitter:data2\" content=\"1\u00a0Minute\" \/>\n<script type=\"application\/ld+json\" class=\"yoast-schema-graph\">{\"@context\":\"https:\\\/\\\/schema.org\",\"@graph\":[{\"@type\":\"Article\",\"@id\":\"https:\\\/\\\/tatara.com.pl\\\/aktualnosci\\\/mec-karol-tatara-wyrozniony-w-chambers-europe-2021\\\/#article\",\"isPartOf\":{\"@id\":\"https:\\\/\\\/tatara.com.pl\\\/aktualnosci\\\/mec-karol-tatara-wyrozniony-w-chambers-europe-2021\\\/\"},\"author\":{\"name\":\"mateuszkalinski\",\"@id\":\"https:\\\/\\\/tatara.com.pl\\\/#\\\/schema\\\/person\\\/0e1b8f1a9abf14b46f5a16dc72b66e74\"},\"headline\":\"Mec. Karol Tatara wyr\u00f3\u017cniony w Chambers Europe 2021\",\"datePublished\":\"2021-03-19T10:32:15+00:00\",\"dateModified\":\"2024-05-13T11:17:42+00:00\",\"mainEntityOfPage\":{\"@id\":\"https:\\\/\\\/tatara.com.pl\\\/aktualnosci\\\/mec-karol-tatara-wyrozniony-w-chambers-europe-2021\\\/\"},\"wordCount\":42,\"commentCount\":0,\"image\":{\"@id\":\"https:\\\/\\\/tatara.com.pl\\\/aktualnosci\\\/mec-karol-tatara-wyrozniony-w-chambers-europe-2021\\\/#primaryimage\"},\"thumbnailUrl\":\"https:\\\/\\\/tatara.com.pl\\\/wp-content\\\/uploads\\\/2021\\\/03\\\/KT_Chambers_2021.jpg\",\"articleSection\":[\"Aktualno\u015bci\",\"News\"],\"inLanguage\":\"de\",\"potentialAction\":[{\"@type\":\"CommentAction\",\"name\":\"Comment\",\"target\":[\"https:\\\/\\\/tatara.com.pl\\\/aktualnosci\\\/mec-karol-tatara-wyrozniony-w-chambers-europe-2021\\\/#respond\"]}]},{\"@type\":\"WebPage\",\"@id\":\"https:\\\/\\\/tatara.com.pl\\\/aktualnosci\\\/mec-karol-tatara-wyrozniony-w-chambers-europe-2021\\\/\",\"url\":\"https:\\\/\\\/tatara.com.pl\\\/aktualnosci\\\/mec-karol-tatara-wyrozniony-w-chambers-europe-2021\\\/\",\"name\":\"Mec. Karol Tatara wyr\u00f3\u017cniony w Chambers Europe 2021 | Tatara i Wsp\u00f3lnicy sp.k.\",\"isPartOf\":{\"@id\":\"https:\\\/\\\/tatara.com.pl\\\/#website\"},\"primaryImageOfPage\":{\"@id\":\"https:\\\/\\\/tatara.com.pl\\\/aktualnosci\\\/mec-karol-tatara-wyrozniony-w-chambers-europe-2021\\\/#primaryimage\"},\"image\":{\"@id\":\"https:\\\/\\\/tatara.com.pl\\\/aktualnosci\\\/mec-karol-tatara-wyrozniony-w-chambers-europe-2021\\\/#primaryimage\"},\"thumbnailUrl\":\"https:\\\/\\\/tatara.com.pl\\\/wp-content\\\/uploads\\\/2021\\\/03\\\/KT_Chambers_2021.jpg\",\"datePublished\":\"2021-03-19T10:32:15+00:00\",\"dateModified\":\"2024-05-13T11:17:42+00:00\",\"author\":{\"@id\":\"https:\\\/\\\/tatara.com.pl\\\/#\\\/schema\\\/person\\\/0e1b8f1a9abf14b46f5a16dc72b66e74\"},\"description\":\"Z dum\u0105 informujemy, \u017ce mec. Karol Tatara \u2013 radca prawny i kwalifikowany doradca restrukturyzacyjny zosta\u0142 wyr\u00f3\u017cniony Band 4 w mi\u0119dzynarodowym Rankingu Chambers\u2026\",\"breadcrumb\":{\"@id\":\"https:\\\/\\\/tatara.com.pl\\\/aktualnosci\\\/mec-karol-tatara-wyrozniony-w-chambers-europe-2021\\\/#breadcrumb\"},\"inLanguage\":\"de\",\"potentialAction\":[{\"@type\":\"ReadAction\",\"target\":[\"https:\\\/\\\/tatara.com.pl\\\/aktualnosci\\\/mec-karol-tatara-wyrozniony-w-chambers-europe-2021\\\/\"]}]},{\"@type\":\"ImageObject\",\"inLanguage\":\"de\",\"@id\":\"https:\\\/\\\/tatara.com.pl\\\/aktualnosci\\\/mec-karol-tatara-wyrozniony-w-chambers-europe-2021\\\/#primaryimage\",\"url\":\"https:\\\/\\\/tatara.com.pl\\\/wp-content\\\/uploads\\\/2021\\\/03\\\/KT_Chambers_2021.jpg\",\"contentUrl\":\"https:\\\/\\\/tatara.com.pl\\\/wp-content\\\/uploads\\\/2021\\\/03\\\/KT_Chambers_2021.jpg\"},{\"@type\":\"BreadcrumbList\",\"@id\":\"https:\\\/\\\/tatara.com.pl\\\/aktualnosci\\\/mec-karol-tatara-wyrozniony-w-chambers-europe-2021\\\/#breadcrumb\",\"itemListElement\":[{\"@type\":\"ListItem\",\"position\":1,\"name\":\"Tatara\",\"item\":\"https:\\\/\\\/tatara.com.pl\\\/de\\\/\"},{\"@type\":\"ListItem\",\"position\":2,\"name\":\"Mec. Karol Tatara wyr\u00f3\u017cniony w Chambers Europe 2021\"}]},{\"@type\":\"WebSite\",\"@id\":\"https:\\\/\\\/tatara.com.pl\\\/#website\",\"url\":\"https:\\\/\\\/tatara.com.pl\\\/\",\"name\":\"Tatara i Wsp\u00f3lnicy sp.k.\",\"description\":\"Tatara i Wsp\u00f3lnicy sp.k.\",\"potentialAction\":[{\"@type\":\"SearchAction\",\"target\":{\"@type\":\"EntryPoint\",\"urlTemplate\":\"https:\\\/\\\/tatara.com.pl\\\/?s={search_term_string}\"},\"query-input\":{\"@type\":\"PropertyValueSpecification\",\"valueRequired\":true,\"valueName\":\"search_term_string\"}}],\"inLanguage\":\"de\"},{\"@type\":\"Person\",\"@id\":\"https:\\\/\\\/tatara.com.pl\\\/#\\\/schema\\\/person\\\/0e1b8f1a9abf14b46f5a16dc72b66e74\",\"name\":\"mateuszkalinski\",\"image\":{\"@type\":\"ImageObject\",\"inLanguage\":\"de\",\"@id\":\"https:\\\/\\\/secure.gravatar.com\\\/avatar\\\/6b5cc80e546cf059cc15a6560655d2dd2ec264ae659997067719e76874dbcea7?s=96&d=mm&r=g\",\"url\":\"https:\\\/\\\/secure.gravatar.com\\\/avatar\\\/6b5cc80e546cf059cc15a6560655d2dd2ec264ae659997067719e76874dbcea7?s=96&d=mm&r=g\",\"contentUrl\":\"https:\\\/\\\/secure.gravatar.com\\\/avatar\\\/6b5cc80e546cf059cc15a6560655d2dd2ec264ae659997067719e76874dbcea7?s=96&d=mm&r=g\",\"caption\":\"mateuszkalinski\"}}]}<\/script>\n<!-- \/ Yoast SEO plugin. -->","yoast_head_json":{"title":"Mec. Karol Tatara wyr\u00f3\u017cniony w Chambers Europe 2021 | Tatara i Wsp\u00f3lnicy sp.k.","description":"Z dum\u0105 informujemy, \u017ce mec. Karol Tatara \u2013 radca prawny i kwalifikowany doradca restrukturyzacyjny zosta\u0142 wyr\u00f3\u017cniony Band 4 w mi\u0119dzynarodowym Rankingu Chambers\u2026","robots":{"index":"index","follow":"follow","max-snippet":"max-snippet:-1","max-image-preview":"max-image-preview:large","max-video-preview":"max-video-preview:-1"},"canonical":"https:\/\/tatara.com.pl\/aktualnosci\/mec-karol-tatara-wyrozniony-w-chambers-europe-2021\/","og_locale":"de_DE","og_type":"article","og_title":"Mec. Karol Tatara wyr\u00f3\u017cniony w Chambers Europe 2021 | Tatara i Wsp\u00f3lnicy sp.k.","og_description":"Z dum\u0105 informujemy, \u017ce mec. Karol Tatara \u2013 radca prawny i kwalifikowany doradca restrukturyzacyjny zosta\u0142 wyr\u00f3\u017cniony Band 4 w mi\u0119dzynarodowym Rankingu Chambers\u2026","og_url":"https:\/\/tatara.com.pl\/aktualnosci\/mec-karol-tatara-wyrozniony-w-chambers-europe-2021\/","og_site_name":"Tatara i Wsp\u00f3lnicy sp.k.","article_published_time":"2021-03-19T10:32:15+00:00","article_modified_time":"2024-05-13T11:17:42+00:00","og_image":[{"url":"https:\/\/tatara.com.pl\/wp-content\/uploads\/2021\/03\/KT_Chambers_2021.jpg","type":"","width":"","height":""}],"author":"mateuszkalinski","twitter_card":"summary_large_image","twitter_misc":{"Verfasst von":"mateuszkalinski","Gesch\u00e4tzte Lesezeit":"1\u00a0Minute"},"schema":{"@context":"https:\/\/schema.org","@graph":[{"@type":"Article","@id":"https:\/\/tatara.com.pl\/aktualnosci\/mec-karol-tatara-wyrozniony-w-chambers-europe-2021\/#article","isPartOf":{"@id":"https:\/\/tatara.com.pl\/aktualnosci\/mec-karol-tatara-wyrozniony-w-chambers-europe-2021\/"},"author":{"name":"mateuszkalinski","@id":"https:\/\/tatara.com.pl\/#\/schema\/person\/0e1b8f1a9abf14b46f5a16dc72b66e74"},"headline":"Mec. Karol Tatara wyr\u00f3\u017cniony w Chambers Europe 2021","datePublished":"2021-03-19T10:32:15+00:00","dateModified":"2024-05-13T11:17:42+00:00","mainEntityOfPage":{"@id":"https:\/\/tatara.com.pl\/aktualnosci\/mec-karol-tatara-wyrozniony-w-chambers-europe-2021\/"},"wordCount":42,"commentCount":0,"image":{"@id":"https:\/\/tatara.com.pl\/aktualnosci\/mec-karol-tatara-wyrozniony-w-chambers-europe-2021\/#primaryimage"},"thumbnailUrl":"https:\/\/tatara.com.pl\/wp-content\/uploads\/2021\/03\/KT_Chambers_2021.jpg","articleSection":["Aktualno\u015bci","News"],"inLanguage":"de","potentialAction":[{"@type":"CommentAction","name":"Comment","target":["https:\/\/tatara.com.pl\/aktualnosci\/mec-karol-tatara-wyrozniony-w-chambers-europe-2021\/#respond"]}]},{"@type":"WebPage","@id":"https:\/\/tatara.com.pl\/aktualnosci\/mec-karol-tatara-wyrozniony-w-chambers-europe-2021\/","url":"https:\/\/tatara.com.pl\/aktualnosci\/mec-karol-tatara-wyrozniony-w-chambers-europe-2021\/","name":"Mec. Karol Tatara wyr\u00f3\u017cniony w Chambers Europe 2021 | Tatara i Wsp\u00f3lnicy sp.k.","isPartOf":{"@id":"https:\/\/tatara.com.pl\/#website"},"primaryImageOfPage":{"@id":"https:\/\/tatara.com.pl\/aktualnosci\/mec-karol-tatara-wyrozniony-w-chambers-europe-2021\/#primaryimage"},"image":{"@id":"https:\/\/tatara.com.pl\/aktualnosci\/mec-karol-tatara-wyrozniony-w-chambers-europe-2021\/#primaryimage"},"thumbnailUrl":"https:\/\/tatara.com.pl\/wp-content\/uploads\/2021\/03\/KT_Chambers_2021.jpg","datePublished":"2021-03-19T10:32:15+00:00","dateModified":"2024-05-13T11:17:42+00:00","author":{"@id":"https:\/\/tatara.com.pl\/#\/schema\/person\/0e1b8f1a9abf14b46f5a16dc72b66e74"},"description":"Z dum\u0105 informujemy, \u017ce mec. Karol Tatara \u2013 radca prawny i kwalifikowany doradca restrukturyzacyjny zosta\u0142 wyr\u00f3\u017cniony Band 4 w mi\u0119dzynarodowym Rankingu Chambers\u2026","breadcrumb":{"@id":"https:\/\/tatara.com.pl\/aktualnosci\/mec-karol-tatara-wyrozniony-w-chambers-europe-2021\/#breadcrumb"},"inLanguage":"de","potentialAction":[{"@type":"ReadAction","target":["https:\/\/tatara.com.pl\/aktualnosci\/mec-karol-tatara-wyrozniony-w-chambers-europe-2021\/"]}]},{"@type":"ImageObject","inLanguage":"de","@id":"https:\/\/tatara.com.pl\/aktualnosci\/mec-karol-tatara-wyrozniony-w-chambers-europe-2021\/#primaryimage","url":"https:\/\/tatara.com.pl\/wp-content\/uploads\/2021\/03\/KT_Chambers_2021.jpg","contentUrl":"https:\/\/tatara.com.pl\/wp-content\/uploads\/2021\/03\/KT_Chambers_2021.jpg"},{"@type":"BreadcrumbList","@id":"https:\/\/tatara.com.pl\/aktualnosci\/mec-karol-tatara-wyrozniony-w-chambers-europe-2021\/#breadcrumb","itemListElement":[{"@type":"ListItem","position":1,"name":"Tatara","item":"https:\/\/tatara.com.pl\/de\/"},{"@type":"ListItem","position":2,"name":"Mec. Karol Tatara wyr\u00f3\u017cniony w Chambers Europe 2021"}]},{"@type":"WebSite","@id":"https:\/\/tatara.com.pl\/#website","url":"https:\/\/tatara.com.pl\/","name":"Tatara i Wsp\u00f3lnicy sp.k.","description":"Tatara i Wsp\u00f3lnicy sp.k.","potentialAction":[{"@type":"SearchAction","target":{"@type":"EntryPoint","urlTemplate":"https:\/\/tatara.com.pl\/?s={search_term_string}"},"query-input":{"@type":"PropertyValueSpecification","valueRequired":true,"valueName":"search_term_string"}}],"inLanguage":"de"},{"@type":"Person","@id":"https:\/\/tatara.com.pl\/#\/schema\/person\/0e1b8f1a9abf14b46f5a16dc72b66e74","name":"mateuszkalinski","image":{"@type":"ImageObject","inLanguage":"de","@id":"https:\/\/secure.gravatar.com\/avatar\/6b5cc80e546cf059cc15a6560655d2dd2ec264ae659997067719e76874dbcea7?s=96&d=mm&r=g","url":"https:\/\/secure.gravatar.com\/avatar\/6b5cc80e546cf059cc15a6560655d2dd2ec264ae659997067719e76874dbcea7?s=96&d=mm&r=g","contentUrl":"https:\/\/secure.gravatar.com\/avatar\/6b5cc80e546cf059cc15a6560655d2dd2ec264ae659997067719e76874dbcea7?s=96&d=mm&r=g","caption":"mateuszkalinski"}}]}},"_links":{"self":[{"href":"https:\/\/tatara.com.pl\/de\/wp-json\/wp\/v2\/posts\/5690","targetHints":{"allow":["GET"]}}],"collection":[{"href":"https:\/\/tatara.com.pl\/de\/wp-json\/wp\/v2\/posts"}],"about":[{"href":"https:\/\/tatara.com.pl\/de\/wp-json\/wp\/v2\/types\/post"}],"author":[{"embeddable":true,"href":"https:\/\/tatara.com.pl\/de\/wp-json\/wp\/v2\/users\/8"}],"replies":[{"embeddable":true,"href":"https:\/\/tatara.com.pl\/de\/wp-json\/wp\/v2\/comments?post=5690"}],"version-history":[{"count":1,"href":"https:\/\/tatara.com.pl\/de\/wp-json\/wp\/v2\/posts\/5690\/revisions"}],"predecessor-version":[{"id":8425,"href":"https:\/\/tatara.com.pl\/de\/wp-json\/wp\/v2\/posts\/5690\/revisions\/8425"}],"wp:attachment":[{"href":"https:\/\/tatara.com.pl\/de\/wp-json\/wp\/v2\/media?parent=5690"}],"wp:term":[{"taxonomy":"category","embeddable":true,"href":"https:\/\/tatara.com.pl\/de\/wp-json\/wp\/v2\/categories?post=5690"},{"taxonomy":"post_tag","embeddable":true,"href":"https:\/\/tatara.com.pl\/de\/wp-json\/wp\/v2\/tags?post=5690"}],"curies":[{"name":"wp","href":"https:\/\/api.w.org\/{rel}","templated":true}]}}