{"id":5427,"date":"2017-03-13T11:55:00","date_gmt":"2017-03-13T09:55:00","guid":{"rendered":"https:\/\/tatara.com.pl\/uncategorized\/zawarcie-umowy-sprzedazy-przedsiebiorstwa-w-ramach-kolejnego-pre-packu-z-udzialem-kancelarii\/"},"modified":"2024-05-13T13:18:24","modified_gmt":"2024-05-13T11:18:24","slug":"zawarcie-umowy-sprzedazy-przedsiebiorstwa-w-ramach-kolejnego-pre-packu-z-udzialem-kancelarii","status":"publish","type":"post","link":"https:\/\/tatara.com.pl\/de\/aktualnosci\/zawarcie-umowy-sprzedazy-przedsiebiorstwa-w-ramach-kolejnego-pre-packu-z-udzialem-kancelarii\/","title":{"rendered":"Zawarcie umowy sprzeda\u017cy przedsi\u0119biorstwa w ramach kolejnego pre-packu z udzia\u0142em Kancelarii"},"content":{"rendered":"<p>Z przyjemno\u015bci\u0105 informujemy, \u017ce w dniu 13.03.2017 r. syndyk upad\u0142ej sp\u00f3\u0142ki b\u0119d\u0105cej klientem Kancelarii zawar\u0142 z inwestorem umow\u0119 sprzeda\u017cy przedsi\u0119biorstwa upad\u0142ego w formule przygotowanej likwidacji (pre-pack).<\/p>\n<p>Co istotne, w tej sprawie wydanie funkcjonuj\u0105cego przedsi\u0119biorstwa nabywcy \u2013 inwestorowi \u2013 zosta\u0142o dokonane niezw\u0142ocznie po og\u0142oszeniu upad\u0142o\u015bci i zatwierdzeniu warunk\u00f3w sprzeda\u017cy, a zatem zosta\u0142a zachowana ci\u0105g\u0142o\u015b\u0107 funkcjonowania przedsi\u0119biorstwa, kt\u00f3re by\u0142o przedmiotem pre-packu. Od og\u0142oszenia upad\u0142o\u015bci do dnia zawarcia umowy up\u0142yn\u0119\u0142o zaledwie 2 miesi\u0105ce.<\/p>\n<p>W negocjacjach umowy sprzeda\u017cy oraz na wcze\u015bniejszych etapach post\u0119powania, D\u0142u\u017cnikowi \u2013 du\u017cemu przedsi\u0119biorstwu z bran\u017cy oko\u0142og\u00f3rniczej doradza\u0142 Zesp\u00f3\u0142 Kancelarii pod kierownictwem mec. Karola Tatary i mec. Mateusza Paliana.<\/p>\n","protected":false},"excerpt":{"rendered":"<p>Z przyjemno\u015bci\u0105 informujemy, \u017ce w dniu 13.03.2017 r. syndyk upad\u0142ej  [&#8230;]<\/p>\n","protected":false},"author":5,"featured_media":0,"comment_status":"open","ping_status":"open","sticky":false,"template":"","format":"standard","meta":{"_acf_changed":false,"footnotes":""},"categories":[336],"tags":[337],"class_list":["post-5427","post","type-post","status-publish","format-standard","hentry","category-aktualnosci","tag-pre-pack"],"acf":[],"yoast_head":"<!-- This site is optimized with the Yoast SEO plugin v27.4 - https:\/\/yoast.com\/product\/yoast-seo-wordpress\/ -->\n<title>Zawarcie umowy sprzeda\u017cy przedsi\u0119biorstwa w ramach kolejnego pre-packu z udzia\u0142em Kancelarii | Tatara i Wsp\u00f3lnicy sp.k.<\/title>\n<meta name=\"description\" content=\"Z przyjemno\u015bci\u0105 informujemy, \u017ce w dniu 13.03.2017 r. syndyk upad\u0142ej sp\u00f3\u0142ki b\u0119d\u0105cej klientem Kancelarii zawar\u0142 z inwestorem umow\u0119 sprzeda\u017cy przedsi\u0119biorstwa\u2026\" \/>\n<meta name=\"robots\" content=\"index, follow, max-snippet:-1, max-image-preview:large, max-video-preview:-1\" \/>\n<link rel=\"canonical\" href=\"https:\/\/tatara.com.pl\/aktualnosci\/zawarcie-umowy-sprzedazy-przedsiebiorstwa-w-ramach-kolejnego-pre-packu-z-udzialem-kancelarii\/\" \/>\n<meta property=\"og:locale\" content=\"de_DE\" \/>\n<meta property=\"og:type\" content=\"article\" \/>\n<meta property=\"og:title\" content=\"Zawarcie umowy sprzeda\u017cy przedsi\u0119biorstwa w ramach kolejnego pre-packu z udzia\u0142em Kancelarii | Tatara i Wsp\u00f3lnicy sp.k.\" \/>\n<meta property=\"og:description\" content=\"Z przyjemno\u015bci\u0105 informujemy, \u017ce w dniu 13.03.2017 r. syndyk upad\u0142ej sp\u00f3\u0142ki b\u0119d\u0105cej klientem Kancelarii zawar\u0142 z inwestorem umow\u0119 sprzeda\u017cy przedsi\u0119biorstwa\u2026\" \/>\n<meta property=\"og:url\" content=\"https:\/\/tatara.com.pl\/aktualnosci\/zawarcie-umowy-sprzedazy-przedsiebiorstwa-w-ramach-kolejnego-pre-packu-z-udzialem-kancelarii\/\" \/>\n<meta property=\"og:site_name\" content=\"Tatara i Wsp\u00f3lnicy sp.k.\" \/>\n<meta property=\"article:published_time\" content=\"2017-03-13T09:55:00+00:00\" \/>\n<meta property=\"article:modified_time\" content=\"2024-05-13T11:18:24+00:00\" \/>\n<meta name=\"author\" content=\"andrzejdzirba\" \/>\n<meta name=\"twitter:card\" content=\"summary_large_image\" \/>\n<meta name=\"twitter:label1\" content=\"Verfasst von\" \/>\n\t<meta name=\"twitter:data1\" content=\"andrzejdzirba\" \/>\n\t<meta name=\"twitter:label2\" content=\"Gesch\u00e4tzte Lesezeit\" \/>\n\t<meta name=\"twitter:data2\" content=\"1\u00a0Minute\" \/>\n<script type=\"application\/ld+json\" class=\"yoast-schema-graph\">{\"@context\":\"https:\\\/\\\/schema.org\",\"@graph\":[{\"@type\":\"Article\",\"@id\":\"https:\\\/\\\/tatara.com.pl\\\/aktualnosci\\\/zawarcie-umowy-sprzedazy-przedsiebiorstwa-w-ramach-kolejnego-pre-packu-z-udzialem-kancelarii\\\/#article\",\"isPartOf\":{\"@id\":\"https:\\\/\\\/tatara.com.pl\\\/aktualnosci\\\/zawarcie-umowy-sprzedazy-przedsiebiorstwa-w-ramach-kolejnego-pre-packu-z-udzialem-kancelarii\\\/\"},\"author\":{\"name\":\"andrzejdzirba\",\"@id\":\"https:\\\/\\\/tatara.com.pl\\\/#\\\/schema\\\/person\\\/99bdaac655951b64909c0d9b70073b5b\"},\"headline\":\"Zawarcie umowy sprzeda\u017cy przedsi\u0119biorstwa w ramach kolejnego pre-packu z udzia\u0142em Kancelarii\",\"datePublished\":\"2017-03-13T09:55:00+00:00\",\"dateModified\":\"2024-05-13T11:18:24+00:00\",\"mainEntityOfPage\":{\"@id\":\"https:\\\/\\\/tatara.com.pl\\\/aktualnosci\\\/zawarcie-umowy-sprzedazy-przedsiebiorstwa-w-ramach-kolejnego-pre-packu-z-udzialem-kancelarii\\\/\"},\"wordCount\":146,\"commentCount\":0,\"keywords\":[\"pre-pack\"],\"articleSection\":[\"Aktualno\u015bci\"],\"inLanguage\":\"de\",\"potentialAction\":[{\"@type\":\"CommentAction\",\"name\":\"Comment\",\"target\":[\"https:\\\/\\\/tatara.com.pl\\\/aktualnosci\\\/zawarcie-umowy-sprzedazy-przedsiebiorstwa-w-ramach-kolejnego-pre-packu-z-udzialem-kancelarii\\\/#respond\"]}]},{\"@type\":\"WebPage\",\"@id\":\"https:\\\/\\\/tatara.com.pl\\\/aktualnosci\\\/zawarcie-umowy-sprzedazy-przedsiebiorstwa-w-ramach-kolejnego-pre-packu-z-udzialem-kancelarii\\\/\",\"url\":\"https:\\\/\\\/tatara.com.pl\\\/aktualnosci\\\/zawarcie-umowy-sprzedazy-przedsiebiorstwa-w-ramach-kolejnego-pre-packu-z-udzialem-kancelarii\\\/\",\"name\":\"Zawarcie umowy sprzeda\u017cy przedsi\u0119biorstwa w ramach kolejnego pre-packu z udzia\u0142em Kancelarii | Tatara i Wsp\u00f3lnicy sp.k.\",\"isPartOf\":{\"@id\":\"https:\\\/\\\/tatara.com.pl\\\/#website\"},\"datePublished\":\"2017-03-13T09:55:00+00:00\",\"dateModified\":\"2024-05-13T11:18:24+00:00\",\"author\":{\"@id\":\"https:\\\/\\\/tatara.com.pl\\\/#\\\/schema\\\/person\\\/99bdaac655951b64909c0d9b70073b5b\"},\"description\":\"Z przyjemno\u015bci\u0105 informujemy, \u017ce w dniu 13.03.2017 r. syndyk upad\u0142ej sp\u00f3\u0142ki b\u0119d\u0105cej klientem Kancelarii zawar\u0142 z inwestorem umow\u0119 sprzeda\u017cy przedsi\u0119biorstwa\u2026\",\"breadcrumb\":{\"@id\":\"https:\\\/\\\/tatara.com.pl\\\/aktualnosci\\\/zawarcie-umowy-sprzedazy-przedsiebiorstwa-w-ramach-kolejnego-pre-packu-z-udzialem-kancelarii\\\/#breadcrumb\"},\"inLanguage\":\"de\",\"potentialAction\":[{\"@type\":\"ReadAction\",\"target\":[\"https:\\\/\\\/tatara.com.pl\\\/aktualnosci\\\/zawarcie-umowy-sprzedazy-przedsiebiorstwa-w-ramach-kolejnego-pre-packu-z-udzialem-kancelarii\\\/\"]}]},{\"@type\":\"BreadcrumbList\",\"@id\":\"https:\\\/\\\/tatara.com.pl\\\/aktualnosci\\\/zawarcie-umowy-sprzedazy-przedsiebiorstwa-w-ramach-kolejnego-pre-packu-z-udzialem-kancelarii\\\/#breadcrumb\",\"itemListElement\":[{\"@type\":\"ListItem\",\"position\":1,\"name\":\"Tatara\",\"item\":\"https:\\\/\\\/tatara.com.pl\\\/de\\\/\"},{\"@type\":\"ListItem\",\"position\":2,\"name\":\"Zawarcie umowy sprzeda\u017cy przedsi\u0119biorstwa w ramach kolejnego pre-packu z udzia\u0142em Kancelarii\"}]},{\"@type\":\"WebSite\",\"@id\":\"https:\\\/\\\/tatara.com.pl\\\/#website\",\"url\":\"https:\\\/\\\/tatara.com.pl\\\/\",\"name\":\"Tatara i Wsp\u00f3lnicy sp.k.\",\"description\":\"Tatara i Wsp\u00f3lnicy sp.k.\",\"potentialAction\":[{\"@type\":\"SearchAction\",\"target\":{\"@type\":\"EntryPoint\",\"urlTemplate\":\"https:\\\/\\\/tatara.com.pl\\\/?s={search_term_string}\"},\"query-input\":{\"@type\":\"PropertyValueSpecification\",\"valueRequired\":true,\"valueName\":\"search_term_string\"}}],\"inLanguage\":\"de\"},{\"@type\":\"Person\",\"@id\":\"https:\\\/\\\/tatara.com.pl\\\/#\\\/schema\\\/person\\\/99bdaac655951b64909c0d9b70073b5b\",\"name\":\"andrzejdzirba\",\"image\":{\"@type\":\"ImageObject\",\"inLanguage\":\"de\",\"@id\":\"https:\\\/\\\/secure.gravatar.com\\\/avatar\\\/4e780821afaf93f2878ec15b14c2c787c159b30035d9b295904b2357b1589888?s=96&d=mm&r=g\",\"url\":\"https:\\\/\\\/secure.gravatar.com\\\/avatar\\\/4e780821afaf93f2878ec15b14c2c787c159b30035d9b295904b2357b1589888?s=96&d=mm&r=g\",\"contentUrl\":\"https:\\\/\\\/secure.gravatar.com\\\/avatar\\\/4e780821afaf93f2878ec15b14c2c787c159b30035d9b295904b2357b1589888?s=96&d=mm&r=g\",\"caption\":\"andrzejdzirba\"}}]}<\/script>\n<!-- \/ Yoast SEO plugin. -->","yoast_head_json":{"title":"Zawarcie umowy sprzeda\u017cy przedsi\u0119biorstwa w ramach kolejnego pre-packu z udzia\u0142em Kancelarii | Tatara i Wsp\u00f3lnicy sp.k.","description":"Z przyjemno\u015bci\u0105 informujemy, \u017ce w dniu 13.03.2017 r. syndyk upad\u0142ej sp\u00f3\u0142ki b\u0119d\u0105cej klientem Kancelarii zawar\u0142 z inwestorem umow\u0119 sprzeda\u017cy przedsi\u0119biorstwa\u2026","robots":{"index":"index","follow":"follow","max-snippet":"max-snippet:-1","max-image-preview":"max-image-preview:large","max-video-preview":"max-video-preview:-1"},"canonical":"https:\/\/tatara.com.pl\/aktualnosci\/zawarcie-umowy-sprzedazy-przedsiebiorstwa-w-ramach-kolejnego-pre-packu-z-udzialem-kancelarii\/","og_locale":"de_DE","og_type":"article","og_title":"Zawarcie umowy sprzeda\u017cy przedsi\u0119biorstwa w ramach kolejnego pre-packu z udzia\u0142em Kancelarii | Tatara i Wsp\u00f3lnicy sp.k.","og_description":"Z przyjemno\u015bci\u0105 informujemy, \u017ce w dniu 13.03.2017 r. syndyk upad\u0142ej sp\u00f3\u0142ki b\u0119d\u0105cej klientem Kancelarii zawar\u0142 z inwestorem umow\u0119 sprzeda\u017cy przedsi\u0119biorstwa\u2026","og_url":"https:\/\/tatara.com.pl\/aktualnosci\/zawarcie-umowy-sprzedazy-przedsiebiorstwa-w-ramach-kolejnego-pre-packu-z-udzialem-kancelarii\/","og_site_name":"Tatara i Wsp\u00f3lnicy sp.k.","article_published_time":"2017-03-13T09:55:00+00:00","article_modified_time":"2024-05-13T11:18:24+00:00","author":"andrzejdzirba","twitter_card":"summary_large_image","twitter_misc":{"Verfasst von":"andrzejdzirba","Gesch\u00e4tzte Lesezeit":"1\u00a0Minute"},"schema":{"@context":"https:\/\/schema.org","@graph":[{"@type":"Article","@id":"https:\/\/tatara.com.pl\/aktualnosci\/zawarcie-umowy-sprzedazy-przedsiebiorstwa-w-ramach-kolejnego-pre-packu-z-udzialem-kancelarii\/#article","isPartOf":{"@id":"https:\/\/tatara.com.pl\/aktualnosci\/zawarcie-umowy-sprzedazy-przedsiebiorstwa-w-ramach-kolejnego-pre-packu-z-udzialem-kancelarii\/"},"author":{"name":"andrzejdzirba","@id":"https:\/\/tatara.com.pl\/#\/schema\/person\/99bdaac655951b64909c0d9b70073b5b"},"headline":"Zawarcie umowy sprzeda\u017cy przedsi\u0119biorstwa w ramach kolejnego pre-packu z udzia\u0142em Kancelarii","datePublished":"2017-03-13T09:55:00+00:00","dateModified":"2024-05-13T11:18:24+00:00","mainEntityOfPage":{"@id":"https:\/\/tatara.com.pl\/aktualnosci\/zawarcie-umowy-sprzedazy-przedsiebiorstwa-w-ramach-kolejnego-pre-packu-z-udzialem-kancelarii\/"},"wordCount":146,"commentCount":0,"keywords":["pre-pack"],"articleSection":["Aktualno\u015bci"],"inLanguage":"de","potentialAction":[{"@type":"CommentAction","name":"Comment","target":["https:\/\/tatara.com.pl\/aktualnosci\/zawarcie-umowy-sprzedazy-przedsiebiorstwa-w-ramach-kolejnego-pre-packu-z-udzialem-kancelarii\/#respond"]}]},{"@type":"WebPage","@id":"https:\/\/tatara.com.pl\/aktualnosci\/zawarcie-umowy-sprzedazy-przedsiebiorstwa-w-ramach-kolejnego-pre-packu-z-udzialem-kancelarii\/","url":"https:\/\/tatara.com.pl\/aktualnosci\/zawarcie-umowy-sprzedazy-przedsiebiorstwa-w-ramach-kolejnego-pre-packu-z-udzialem-kancelarii\/","name":"Zawarcie umowy sprzeda\u017cy przedsi\u0119biorstwa w ramach kolejnego pre-packu z udzia\u0142em Kancelarii | Tatara i Wsp\u00f3lnicy sp.k.","isPartOf":{"@id":"https:\/\/tatara.com.pl\/#website"},"datePublished":"2017-03-13T09:55:00+00:00","dateModified":"2024-05-13T11:18:24+00:00","author":{"@id":"https:\/\/tatara.com.pl\/#\/schema\/person\/99bdaac655951b64909c0d9b70073b5b"},"description":"Z przyjemno\u015bci\u0105 informujemy, \u017ce w dniu 13.03.2017 r. syndyk upad\u0142ej sp\u00f3\u0142ki b\u0119d\u0105cej klientem Kancelarii zawar\u0142 z inwestorem umow\u0119 sprzeda\u017cy przedsi\u0119biorstwa\u2026","breadcrumb":{"@id":"https:\/\/tatara.com.pl\/aktualnosci\/zawarcie-umowy-sprzedazy-przedsiebiorstwa-w-ramach-kolejnego-pre-packu-z-udzialem-kancelarii\/#breadcrumb"},"inLanguage":"de","potentialAction":[{"@type":"ReadAction","target":["https:\/\/tatara.com.pl\/aktualnosci\/zawarcie-umowy-sprzedazy-przedsiebiorstwa-w-ramach-kolejnego-pre-packu-z-udzialem-kancelarii\/"]}]},{"@type":"BreadcrumbList","@id":"https:\/\/tatara.com.pl\/aktualnosci\/zawarcie-umowy-sprzedazy-przedsiebiorstwa-w-ramach-kolejnego-pre-packu-z-udzialem-kancelarii\/#breadcrumb","itemListElement":[{"@type":"ListItem","position":1,"name":"Tatara","item":"https:\/\/tatara.com.pl\/de\/"},{"@type":"ListItem","position":2,"name":"Zawarcie umowy sprzeda\u017cy przedsi\u0119biorstwa w ramach kolejnego pre-packu z udzia\u0142em Kancelarii"}]},{"@type":"WebSite","@id":"https:\/\/tatara.com.pl\/#website","url":"https:\/\/tatara.com.pl\/","name":"Tatara i Wsp\u00f3lnicy sp.k.","description":"Tatara i Wsp\u00f3lnicy sp.k.","potentialAction":[{"@type":"SearchAction","target":{"@type":"EntryPoint","urlTemplate":"https:\/\/tatara.com.pl\/?s={search_term_string}"},"query-input":{"@type":"PropertyValueSpecification","valueRequired":true,"valueName":"search_term_string"}}],"inLanguage":"de"},{"@type":"Person","@id":"https:\/\/tatara.com.pl\/#\/schema\/person\/99bdaac655951b64909c0d9b70073b5b","name":"andrzejdzirba","image":{"@type":"ImageObject","inLanguage":"de","@id":"https:\/\/secure.gravatar.com\/avatar\/4e780821afaf93f2878ec15b14c2c787c159b30035d9b295904b2357b1589888?s=96&d=mm&r=g","url":"https:\/\/secure.gravatar.com\/avatar\/4e780821afaf93f2878ec15b14c2c787c159b30035d9b295904b2357b1589888?s=96&d=mm&r=g","contentUrl":"https:\/\/secure.gravatar.com\/avatar\/4e780821afaf93f2878ec15b14c2c787c159b30035d9b295904b2357b1589888?s=96&d=mm&r=g","caption":"andrzejdzirba"}}]}},"_links":{"self":[{"href":"https:\/\/tatara.com.pl\/de\/wp-json\/wp\/v2\/posts\/5427","targetHints":{"allow":["GET"]}}],"collection":[{"href":"https:\/\/tatara.com.pl\/de\/wp-json\/wp\/v2\/posts"}],"about":[{"href":"https:\/\/tatara.com.pl\/de\/wp-json\/wp\/v2\/types\/post"}],"author":[{"embeddable":true,"href":"https:\/\/tatara.com.pl\/de\/wp-json\/wp\/v2\/users\/5"}],"replies":[{"embeddable":true,"href":"https:\/\/tatara.com.pl\/de\/wp-json\/wp\/v2\/comments?post=5427"}],"version-history":[{"count":1,"href":"https:\/\/tatara.com.pl\/de\/wp-json\/wp\/v2\/posts\/5427\/revisions"}],"predecessor-version":[{"id":8428,"href":"https:\/\/tatara.com.pl\/de\/wp-json\/wp\/v2\/posts\/5427\/revisions\/8428"}],"wp:attachment":[{"href":"https:\/\/tatara.com.pl\/de\/wp-json\/wp\/v2\/media?parent=5427"}],"wp:term":[{"taxonomy":"category","embeddable":true,"href":"https:\/\/tatara.com.pl\/de\/wp-json\/wp\/v2\/categories?post=5427"},{"taxonomy":"post_tag","embeddable":true,"href":"https:\/\/tatara.com.pl\/de\/wp-json\/wp\/v2\/tags?post=5427"}],"curies":[{"name":"wp","href":"https:\/\/api.w.org\/{rel}","templated":true}]}}