{"id":5401,"date":"2016-05-31T10:49:33","date_gmt":"2016-05-31T08:49:33","guid":{"rendered":"https:\/\/tatara.com.pl\/uncategorized\/odpowiedzialnosc-czlonkow-zarzadu-spolek-akcyjnych\/"},"modified":"2024-05-13T14:02:44","modified_gmt":"2024-05-13T12:02:44","slug":"odpowiedzialnosc-czlonkow-zarzadu-spolek-akcyjnych","status":"publish","type":"post","link":"https:\/\/tatara.com.pl\/de\/aktualnosci\/odpowiedzialnosc-czlonkow-zarzadu-spolek-akcyjnych\/","title":{"rendered":"Odpowiedzialno\u015b\u0107 cz\u0142onk\u00f3w zarz\u0105du w sp\u00f3\u0142kach akcyjnych od 01.01.2016 roku &#8211; nowe zasady"},"content":{"rendered":"\n<p><\/p>\n\n\n<h2 style=\"font-size: medium;\">Odpowiedzialno\u015b\u0107 cz\u0142onk\u00f3w zarz\u0105du w sp\u00f3\u0142ce akcyjnej po 1.01.2016<\/h2>\n<p>Po wej\u015bciu w \u017cycie Prawa restrukturyzacyjnego (czyli od 01.01.2016 r.) zmianie uleg\u0142y r\u00f3wnie\u017c <strong>zasady odpowiedzialno\u015bci cz\u0142onk\u00f3w zarz\u0105du<\/strong> ich osobistym maj\u0105tkiem, zwi\u0105zane ze sprawowaniem przez nich funkcji w zarz\u0105dzie sp\u00f3\u0142ki.<\/p>\n<p>Powy\u017csze dotyczy r\u00f3wnie\u017c cz\u0142onk\u00f3w zarz\u0105d\u00f3w sp\u00f3\u0142ek akcyjnych, nawet mimo tego, \u017ce w przepisach ksh dot. <em>sp\u00f3\u0142ki akcyjnej<\/em> nie znajduje si\u0119 <em>odpowiednik art. 299 ksh<\/em>. <strong>Znowelizowany od tego roku art. 21 Prawa upad\u0142o\u015bciowego ustanawia bowiem dla cz\u0142onk\u00f3w zarz\u0105du sp\u00f3\u0142ki akcyjnej odpowiedzialno\u015b\u0107 zbli\u017con\u0105 w praktyce do tej, kt\u00f3r\u0105 ponosz\u0105 na podstawie art. 299 ksh cz\u0142onkowie zarz\u0105du sp. z o.o. <\/strong>Zgodnie ze znowelizowanym art. 21 Prawa upad\u0142o\u015bciowego, osoby zarz\u0105dzaj\u0105ce sp\u00f3\u0142kami kapita\u0142owymi (czyli r\u00f3wnie\u017c sp\u00f3\u0142k\u0105 akcyjn\u0105), ponosz\u0105 odpowiedzialno\u015b\u0107 za szkod\u0119 wyrz\u0105dzon\u0105 wskutek niez\u0142o\u017cenia wniosku o og\u0142oszenie upad\u0142o\u015bci w terminie, chyba \u017ce nie ponosz\u0105 winy.<\/p>\n<p>Od tego roku przepis ten wprowadza domniemanie winy cz\u0142onka zarz\u0105du, co niew\u0105tpliwie u\u0142atwi wierzycielom dochodzenie roszcze\u0144 wobec cz\u0142onk\u00f3w zarz\u0105du. Cz\u0142onek zarz\u0105du nie ponosi odpowiedzialno\u015bci je\u015bli wyka\u017ce, \u017ce w terminie w\u0142a\u015bciwym dla z\u0142o\u017cenia wniosku o og\u0142oszenie upad\u0142o\u015bci doprowadzi\u0142 do otwarcia post\u0119powania restrukturyzacyjnego albo do zatwierdzenia uk\u0142adu w post\u0119powaniu o zatwierdzenie uk\u0142adu.<\/p>\n<p>Wskazana powy\u017cej nowelizacja wprowadzi\u0142a dla wierzycieli sp\u00f3\u0142ek akcyjnych dodatkowe, istotne u\u0142atwienie w dochodzeniu przez nich odszkodowania od cz\u0142onk\u00f3w zarz\u0105du, kt\u00f3rzy wbrew obowi\u0105zkowi, <a href=\"https:\/\/tatara.com.pl\/blog\/odpowiedzialnosc-prokurenta-za-niezgloszenie-wniosku-o-ogloszenie-upadlosci-po-01-01-2016-r\/\">nie z\u0142o\u017cyli w terminie wniosku o og\u0142oszenie upad\u0142o\u015bci<\/a>. Jest nim domniemanie wysoko\u015bci szkody poniesionej przez wierzyciela w wysoko\u015bci niezaspokojonej wierzytelno\u015bci wobec sp\u00f3\u0142ki.<\/p>\n<h2 style=\"font-size: medium;\">Zmiany&nbsp; w odpowiedzialno\u015bci zarz\u0105du w sp\u00f3\u0142ce akcyjnej w prawie upad\u0142o\u015bciowym<\/h2>\n<p>Zmianie uleg\u0142 tak\u017ce art. 373 Prawa upad\u0142o\u015bciowego \u2013 dotycz\u0105cy zakazu prowadzenia dzia\u0142alno\u015bci gospodarczej. Zakazem b\u0119dzie mog\u0142a by\u0107 obj\u0119ta tak\u017ce osoba, kt\u00f3ra faktycznie zarz\u0105dzaj\u0105c przedsi\u0119biorstwem d\u0142u\u017cnika, istotnie przyczyni\u0142a si\u0119 do niez\u0142o\u017cenia wniosku o og\u0142oszenie upad\u0142o\u015bci w ustawowym terminie (tzw. <a href=\"https:\/\/tatara.com.pl\/blog\/slowniczek-zargonu-restrukturyzacyjnego-shadow-director\/\">shadow directors<\/a>).<\/p>\n<p>Kancelaria posiada du\u017ce do\u015bwiadczenie w reprezentowaniu cz\u0142onk\u00f3w zarz\u0105du w sprawach dotycz\u0105cych ich odpowiedzialno\u015bci za zobowi\u0105zania (cywilne oraz publicznoprawne) zarz\u0105dzanych przez nich sp\u00f3\u0142ek kapita\u0142owych, nierzadko wykorzystuj\u0105c dla skutecznej obrony rozwi\u0105zania niestandardowe.<\/p>\n<p>Je\u017celi s\u0105 Pa\u0144stwo zainteresowani ofert\u0105 Kancelarii w powy\u017cszym zakresie, zapraszamy do kontaktu.<\/p>","protected":false},"excerpt":{"rendered":"<p>Odpowiedzialno\u015b\u0107 cz\u0142onk\u00f3w zarz\u0105du w sp\u00f3\u0142ce akcyjnej po 1.01.2016 Po wej\u015bciu  [&#8230;]<\/p>\n","protected":false},"author":5,"featured_media":0,"comment_status":"open","ping_status":"open","sticky":false,"template":"","format":"standard","meta":{"_acf_changed":false,"footnotes":""},"categories":[336],"tags":[],"class_list":["post-5401","post","type-post","status-publish","format-standard","hentry","category-aktualnosci"],"acf":[],"yoast_head":"<!-- This site is optimized with the Yoast SEO plugin v27.4 - https:\/\/yoast.com\/product\/yoast-seo-wordpress\/ -->\n<title>Odpowiedzialno\u015b\u0107 cz\u0142onk\u00f3w zarz\u0105du w sp\u00f3\u0142kach akcyjnych od 01.01.2016 roku - nowe zasady | Tatara i Wsp\u00f3lnicy sp.k.<\/title>\n<meta name=\"description\" content=\"Po wej\u015bciu w \u017cycie Prawa restrukturyzacyjnego (czyli od 01.01.2016 r.) zmianie uleg\u0142y r\u00f3wnie\u017c zasady odpowiedzialno\u015bci cz\u0142onk\u00f3w zarz\u0105du ich osobistym maj\u0105tkiem\u2026\" \/>\n<meta name=\"robots\" content=\"index, follow, max-snippet:-1, max-image-preview:large, max-video-preview:-1\" \/>\n<link rel=\"canonical\" href=\"https:\/\/tatara.com.pl\/aktualnosci\/odpowiedzialnosc-czlonkow-zarzadu-spolek-akcyjnych\/\" \/>\n<meta property=\"og:locale\" content=\"de_DE\" \/>\n<meta property=\"og:type\" content=\"article\" \/>\n<meta property=\"og:title\" content=\"Odpowiedzialno\u015b\u0107 cz\u0142onk\u00f3w zarz\u0105du w sp\u00f3\u0142kach akcyjnych od 01.01.2016 roku - nowe zasady | Tatara i Wsp\u00f3lnicy sp.k.\" \/>\n<meta property=\"og:description\" content=\"Po wej\u015bciu w \u017cycie Prawa restrukturyzacyjnego (czyli od 01.01.2016 r.) zmianie uleg\u0142y r\u00f3wnie\u017c zasady odpowiedzialno\u015bci cz\u0142onk\u00f3w zarz\u0105du ich osobistym maj\u0105tkiem\u2026\" \/>\n<meta property=\"og:url\" content=\"https:\/\/tatara.com.pl\/aktualnosci\/odpowiedzialnosc-czlonkow-zarzadu-spolek-akcyjnych\/\" \/>\n<meta property=\"og:site_name\" content=\"Tatara i Wsp\u00f3lnicy sp.k.\" \/>\n<meta property=\"article:published_time\" content=\"2016-05-31T08:49:33+00:00\" \/>\n<meta property=\"article:modified_time\" content=\"2024-05-13T12:02:44+00:00\" \/>\n<meta name=\"author\" content=\"andrzejdzirba\" \/>\n<meta name=\"twitter:card\" content=\"summary_large_image\" \/>\n<meta name=\"twitter:label1\" content=\"Verfasst von\" \/>\n\t<meta name=\"twitter:data1\" content=\"andrzejdzirba\" \/>\n\t<meta name=\"twitter:label2\" content=\"Gesch\u00e4tzte Lesezeit\" \/>\n\t<meta name=\"twitter:data2\" content=\"2\u00a0Minuten\" \/>\n<script type=\"application\/ld+json\" class=\"yoast-schema-graph\">{\"@context\":\"https:\\\/\\\/schema.org\",\"@graph\":[{\"@type\":\"Article\",\"@id\":\"https:\\\/\\\/tatara.com.pl\\\/aktualnosci\\\/odpowiedzialnosc-czlonkow-zarzadu-spolek-akcyjnych\\\/#article\",\"isPartOf\":{\"@id\":\"https:\\\/\\\/tatara.com.pl\\\/aktualnosci\\\/odpowiedzialnosc-czlonkow-zarzadu-spolek-akcyjnych\\\/\"},\"author\":{\"name\":\"andrzejdzirba\",\"@id\":\"https:\\\/\\\/tatara.com.pl\\\/#\\\/schema\\\/person\\\/99bdaac655951b64909c0d9b70073b5b\"},\"headline\":\"Odpowiedzialno\u015b\u0107 cz\u0142onk\u00f3w zarz\u0105du w sp\u00f3\u0142kach akcyjnych od 01.01.2016 roku &#8211; nowe zasady\",\"datePublished\":\"2016-05-31T08:49:33+00:00\",\"dateModified\":\"2024-05-13T12:02:44+00:00\",\"mainEntityOfPage\":{\"@id\":\"https:\\\/\\\/tatara.com.pl\\\/aktualnosci\\\/odpowiedzialnosc-czlonkow-zarzadu-spolek-akcyjnych\\\/\"},\"wordCount\":453,\"commentCount\":0,\"articleSection\":[\"Aktualno\u015bci\"],\"inLanguage\":\"de\",\"potentialAction\":[{\"@type\":\"CommentAction\",\"name\":\"Comment\",\"target\":[\"https:\\\/\\\/tatara.com.pl\\\/aktualnosci\\\/odpowiedzialnosc-czlonkow-zarzadu-spolek-akcyjnych\\\/#respond\"]}]},{\"@type\":\"WebPage\",\"@id\":\"https:\\\/\\\/tatara.com.pl\\\/aktualnosci\\\/odpowiedzialnosc-czlonkow-zarzadu-spolek-akcyjnych\\\/\",\"url\":\"https:\\\/\\\/tatara.com.pl\\\/aktualnosci\\\/odpowiedzialnosc-czlonkow-zarzadu-spolek-akcyjnych\\\/\",\"name\":\"Odpowiedzialno\u015b\u0107 cz\u0142onk\u00f3w zarz\u0105du w sp\u00f3\u0142kach akcyjnych od 01.01.2016 roku - nowe zasady | Tatara i Wsp\u00f3lnicy sp.k.\",\"isPartOf\":{\"@id\":\"https:\\\/\\\/tatara.com.pl\\\/#website\"},\"datePublished\":\"2016-05-31T08:49:33+00:00\",\"dateModified\":\"2024-05-13T12:02:44+00:00\",\"author\":{\"@id\":\"https:\\\/\\\/tatara.com.pl\\\/#\\\/schema\\\/person\\\/99bdaac655951b64909c0d9b70073b5b\"},\"description\":\"Po wej\u015bciu w \u017cycie Prawa restrukturyzacyjnego (czyli od 01.01.2016 r.) zmianie uleg\u0142y r\u00f3wnie\u017c zasady odpowiedzialno\u015bci cz\u0142onk\u00f3w zarz\u0105du ich osobistym maj\u0105tkiem\u2026\",\"breadcrumb\":{\"@id\":\"https:\\\/\\\/tatara.com.pl\\\/aktualnosci\\\/odpowiedzialnosc-czlonkow-zarzadu-spolek-akcyjnych\\\/#breadcrumb\"},\"inLanguage\":\"de\",\"potentialAction\":[{\"@type\":\"ReadAction\",\"target\":[\"https:\\\/\\\/tatara.com.pl\\\/aktualnosci\\\/odpowiedzialnosc-czlonkow-zarzadu-spolek-akcyjnych\\\/\"]}]},{\"@type\":\"BreadcrumbList\",\"@id\":\"https:\\\/\\\/tatara.com.pl\\\/aktualnosci\\\/odpowiedzialnosc-czlonkow-zarzadu-spolek-akcyjnych\\\/#breadcrumb\",\"itemListElement\":[{\"@type\":\"ListItem\",\"position\":1,\"name\":\"Tatara\",\"item\":\"https:\\\/\\\/tatara.com.pl\\\/de\\\/\"},{\"@type\":\"ListItem\",\"position\":2,\"name\":\"Odpowiedzialno\u015b\u0107 cz\u0142onk\u00f3w zarz\u0105du w sp\u00f3\u0142kach akcyjnych od 01.01.2016 roku &#8211; nowe zasady\"}]},{\"@type\":\"WebSite\",\"@id\":\"https:\\\/\\\/tatara.com.pl\\\/#website\",\"url\":\"https:\\\/\\\/tatara.com.pl\\\/\",\"name\":\"Tatara i Wsp\u00f3lnicy sp.k.\",\"description\":\"Tatara i Wsp\u00f3lnicy sp.k.\",\"potentialAction\":[{\"@type\":\"SearchAction\",\"target\":{\"@type\":\"EntryPoint\",\"urlTemplate\":\"https:\\\/\\\/tatara.com.pl\\\/?s={search_term_string}\"},\"query-input\":{\"@type\":\"PropertyValueSpecification\",\"valueRequired\":true,\"valueName\":\"search_term_string\"}}],\"inLanguage\":\"de\"},{\"@type\":\"Person\",\"@id\":\"https:\\\/\\\/tatara.com.pl\\\/#\\\/schema\\\/person\\\/99bdaac655951b64909c0d9b70073b5b\",\"name\":\"andrzejdzirba\",\"image\":{\"@type\":\"ImageObject\",\"inLanguage\":\"de\",\"@id\":\"https:\\\/\\\/secure.gravatar.com\\\/avatar\\\/4e780821afaf93f2878ec15b14c2c787c159b30035d9b295904b2357b1589888?s=96&d=mm&r=g\",\"url\":\"https:\\\/\\\/secure.gravatar.com\\\/avatar\\\/4e780821afaf93f2878ec15b14c2c787c159b30035d9b295904b2357b1589888?s=96&d=mm&r=g\",\"contentUrl\":\"https:\\\/\\\/secure.gravatar.com\\\/avatar\\\/4e780821afaf93f2878ec15b14c2c787c159b30035d9b295904b2357b1589888?s=96&d=mm&r=g\",\"caption\":\"andrzejdzirba\"}}]}<\/script>\n<!-- \/ Yoast SEO plugin. -->","yoast_head_json":{"title":"Odpowiedzialno\u015b\u0107 cz\u0142onk\u00f3w zarz\u0105du w sp\u00f3\u0142kach akcyjnych od 01.01.2016 roku - nowe zasady | Tatara i Wsp\u00f3lnicy sp.k.","description":"Po wej\u015bciu w \u017cycie Prawa restrukturyzacyjnego (czyli od 01.01.2016 r.) zmianie uleg\u0142y r\u00f3wnie\u017c zasady odpowiedzialno\u015bci cz\u0142onk\u00f3w zarz\u0105du ich osobistym maj\u0105tkiem\u2026","robots":{"index":"index","follow":"follow","max-snippet":"max-snippet:-1","max-image-preview":"max-image-preview:large","max-video-preview":"max-video-preview:-1"},"canonical":"https:\/\/tatara.com.pl\/aktualnosci\/odpowiedzialnosc-czlonkow-zarzadu-spolek-akcyjnych\/","og_locale":"de_DE","og_type":"article","og_title":"Odpowiedzialno\u015b\u0107 cz\u0142onk\u00f3w zarz\u0105du w sp\u00f3\u0142kach akcyjnych od 01.01.2016 roku - nowe zasady | Tatara i Wsp\u00f3lnicy sp.k.","og_description":"Po wej\u015bciu w \u017cycie Prawa restrukturyzacyjnego (czyli od 01.01.2016 r.) zmianie uleg\u0142y r\u00f3wnie\u017c zasady odpowiedzialno\u015bci cz\u0142onk\u00f3w zarz\u0105du ich osobistym maj\u0105tkiem\u2026","og_url":"https:\/\/tatara.com.pl\/aktualnosci\/odpowiedzialnosc-czlonkow-zarzadu-spolek-akcyjnych\/","og_site_name":"Tatara i Wsp\u00f3lnicy sp.k.","article_published_time":"2016-05-31T08:49:33+00:00","article_modified_time":"2024-05-13T12:02:44+00:00","author":"andrzejdzirba","twitter_card":"summary_large_image","twitter_misc":{"Verfasst von":"andrzejdzirba","Gesch\u00e4tzte Lesezeit":"2\u00a0Minuten"},"schema":{"@context":"https:\/\/schema.org","@graph":[{"@type":"Article","@id":"https:\/\/tatara.com.pl\/aktualnosci\/odpowiedzialnosc-czlonkow-zarzadu-spolek-akcyjnych\/#article","isPartOf":{"@id":"https:\/\/tatara.com.pl\/aktualnosci\/odpowiedzialnosc-czlonkow-zarzadu-spolek-akcyjnych\/"},"author":{"name":"andrzejdzirba","@id":"https:\/\/tatara.com.pl\/#\/schema\/person\/99bdaac655951b64909c0d9b70073b5b"},"headline":"Odpowiedzialno\u015b\u0107 cz\u0142onk\u00f3w zarz\u0105du w sp\u00f3\u0142kach akcyjnych od 01.01.2016 roku &#8211; nowe zasady","datePublished":"2016-05-31T08:49:33+00:00","dateModified":"2024-05-13T12:02:44+00:00","mainEntityOfPage":{"@id":"https:\/\/tatara.com.pl\/aktualnosci\/odpowiedzialnosc-czlonkow-zarzadu-spolek-akcyjnych\/"},"wordCount":453,"commentCount":0,"articleSection":["Aktualno\u015bci"],"inLanguage":"de","potentialAction":[{"@type":"CommentAction","name":"Comment","target":["https:\/\/tatara.com.pl\/aktualnosci\/odpowiedzialnosc-czlonkow-zarzadu-spolek-akcyjnych\/#respond"]}]},{"@type":"WebPage","@id":"https:\/\/tatara.com.pl\/aktualnosci\/odpowiedzialnosc-czlonkow-zarzadu-spolek-akcyjnych\/","url":"https:\/\/tatara.com.pl\/aktualnosci\/odpowiedzialnosc-czlonkow-zarzadu-spolek-akcyjnych\/","name":"Odpowiedzialno\u015b\u0107 cz\u0142onk\u00f3w zarz\u0105du w sp\u00f3\u0142kach akcyjnych od 01.01.2016 roku - nowe zasady | Tatara i Wsp\u00f3lnicy sp.k.","isPartOf":{"@id":"https:\/\/tatara.com.pl\/#website"},"datePublished":"2016-05-31T08:49:33+00:00","dateModified":"2024-05-13T12:02:44+00:00","author":{"@id":"https:\/\/tatara.com.pl\/#\/schema\/person\/99bdaac655951b64909c0d9b70073b5b"},"description":"Po wej\u015bciu w \u017cycie Prawa restrukturyzacyjnego (czyli od 01.01.2016 r.) zmianie uleg\u0142y r\u00f3wnie\u017c zasady odpowiedzialno\u015bci cz\u0142onk\u00f3w zarz\u0105du ich osobistym maj\u0105tkiem\u2026","breadcrumb":{"@id":"https:\/\/tatara.com.pl\/aktualnosci\/odpowiedzialnosc-czlonkow-zarzadu-spolek-akcyjnych\/#breadcrumb"},"inLanguage":"de","potentialAction":[{"@type":"ReadAction","target":["https:\/\/tatara.com.pl\/aktualnosci\/odpowiedzialnosc-czlonkow-zarzadu-spolek-akcyjnych\/"]}]},{"@type":"BreadcrumbList","@id":"https:\/\/tatara.com.pl\/aktualnosci\/odpowiedzialnosc-czlonkow-zarzadu-spolek-akcyjnych\/#breadcrumb","itemListElement":[{"@type":"ListItem","position":1,"name":"Tatara","item":"https:\/\/tatara.com.pl\/de\/"},{"@type":"ListItem","position":2,"name":"Odpowiedzialno\u015b\u0107 cz\u0142onk\u00f3w zarz\u0105du w sp\u00f3\u0142kach akcyjnych od 01.01.2016 roku &#8211; nowe zasady"}]},{"@type":"WebSite","@id":"https:\/\/tatara.com.pl\/#website","url":"https:\/\/tatara.com.pl\/","name":"Tatara i Wsp\u00f3lnicy sp.k.","description":"Tatara i Wsp\u00f3lnicy sp.k.","potentialAction":[{"@type":"SearchAction","target":{"@type":"EntryPoint","urlTemplate":"https:\/\/tatara.com.pl\/?s={search_term_string}"},"query-input":{"@type":"PropertyValueSpecification","valueRequired":true,"valueName":"search_term_string"}}],"inLanguage":"de"},{"@type":"Person","@id":"https:\/\/tatara.com.pl\/#\/schema\/person\/99bdaac655951b64909c0d9b70073b5b","name":"andrzejdzirba","image":{"@type":"ImageObject","inLanguage":"de","@id":"https:\/\/secure.gravatar.com\/avatar\/4e780821afaf93f2878ec15b14c2c787c159b30035d9b295904b2357b1589888?s=96&d=mm&r=g","url":"https:\/\/secure.gravatar.com\/avatar\/4e780821afaf93f2878ec15b14c2c787c159b30035d9b295904b2357b1589888?s=96&d=mm&r=g","contentUrl":"https:\/\/secure.gravatar.com\/avatar\/4e780821afaf93f2878ec15b14c2c787c159b30035d9b295904b2357b1589888?s=96&d=mm&r=g","caption":"andrzejdzirba"}}]}},"_links":{"self":[{"href":"https:\/\/tatara.com.pl\/de\/wp-json\/wp\/v2\/posts\/5401","targetHints":{"allow":["GET"]}}],"collection":[{"href":"https:\/\/tatara.com.pl\/de\/wp-json\/wp\/v2\/posts"}],"about":[{"href":"https:\/\/tatara.com.pl\/de\/wp-json\/wp\/v2\/types\/post"}],"author":[{"embeddable":true,"href":"https:\/\/tatara.com.pl\/de\/wp-json\/wp\/v2\/users\/5"}],"replies":[{"embeddable":true,"href":"https:\/\/tatara.com.pl\/de\/wp-json\/wp\/v2\/comments?post=5401"}],"version-history":[{"count":1,"href":"https:\/\/tatara.com.pl\/de\/wp-json\/wp\/v2\/posts\/5401\/revisions"}],"predecessor-version":[{"id":8508,"href":"https:\/\/tatara.com.pl\/de\/wp-json\/wp\/v2\/posts\/5401\/revisions\/8508"}],"wp:attachment":[{"href":"https:\/\/tatara.com.pl\/de\/wp-json\/wp\/v2\/media?parent=5401"}],"wp:term":[{"taxonomy":"category","embeddable":true,"href":"https:\/\/tatara.com.pl\/de\/wp-json\/wp\/v2\/categories?post=5401"},{"taxonomy":"post_tag","embeddable":true,"href":"https:\/\/tatara.com.pl\/de\/wp-json\/wp\/v2\/tags?post=5401"}],"curies":[{"name":"wp","href":"https:\/\/api.w.org\/{rel}","templated":true}]}}