{"id":5369,"date":"2015-01-16T10:15:38","date_gmt":"2015-01-16T08:15:38","guid":{"rendered":"https:\/\/tatara.com.pl\/uncategorized\/mec-karol-tatara-udzielil-dziennikowi-gazecie-prawnej-komentarza-dot-upadlosci-srodmiejskiej-spoldzielni-mieszkaniowej-w-warszawie\/"},"modified":"2024-05-13T13:21:01","modified_gmt":"2024-05-13T11:21:01","slug":"mec-karol-tatara-udzielil-dziennikowi-gazecie-prawnej-komentarza-dot-upadlosci-srodmiejskiej-spoldzielni-mieszkaniowej-w-warszawie","status":"publish","type":"post","link":"https:\/\/tatara.com.pl\/de\/aktualnosci\/mec-karol-tatara-udzielil-dziennikowi-gazecie-prawnej-komentarza-dot-upadlosci-srodmiejskiej-spoldzielni-mieszkaniowej-w-warszawie\/","title":{"rendered":"Mec. Karol Tatara udzieli\u0142 Dziennikowi Gazecie Prawnej komentarza dot. upad\u0142o\u015bci \u015ar\u00f3dmiejskiej Sp\u00f3\u0142dzielni Mieszkaniowej w Warszawie."},"content":{"rendered":"<p>Mec. Karol Tatara udzieli\u0142 Dziennikowi Gazecie Prawnej komentarza dot. upad\u0142o\u015bci \u015ar\u00f3dmiejskiej Sp\u00f3\u0142dzielni Mieszkaniowej w Warszawie.<\/p>\n<blockquote><p>Jak twierdzi Karol Tatara z Kancelarii Prawa Gospodarczego i Upad\u0142o\u015bciowego Karol Tatara i Wsp\u00f3\u0142pracownicy oba podej\u015bcia mog\u0105 by\u0107 racjonalne.<\/p>\n<p>\u2013 Z punktu widzenia wierzyciela z\u0142o\u017cenie wniosku o og\u0142oszenie upad\u0142o\u015bci mo\u017ce by\u0107 dobrym \u015brodkiem nacisku na d\u0142u\u017cnika \u2013 m\u00f3wi prawnik.<\/p>\n<p>Jest te\u017c korzystne finansowo: wierzyciel zamiast uiszcza\u0107 op\u0142at\u0119 stosunkow\u0105 w wysoko\u015bci 5 proc. warto\u015bci sporu, p\u0142aci tylko 1000 z\u0142 op\u0142aty sta\u0142ej. A, jak wyja\u015bnia mec. Tatara, widmo upad\u0142o\u015bci dzia\u0142a na wyobra\u017ani\u0119 d\u0142u\u017cnika i mobilizuje do p\u0142atno\u015bci.<\/p>\n<p>\u2013 Z drugiej strony cz\u0119sto zdarza si\u0119, i\u017c d\u0142u\u017cnik bezpodstawnie kwestionuje roszczenia wierzyciela tylko i wy\u0142\u0105cznie z powodu braku mo\u017cliwo\u015bci zap\u0142aty.<\/p>\n<p>Zarzucenie sporno\u015bci roszczenia by\u0142oby wtedy prost\u0105 metod\u0105 na uniemo\u017cliwienie wierzycielom sk\u0142adania wniosk\u00f3w o og\u0142oszenie upad\u0142o\u015bci \u2013 podkre\u015bla Karol Tatara.<\/p><\/blockquote>\n<p>Pe\u0142ny artyku\u0142 z wypowiedzi\u0105 Mec. Tatary znajd\u0105 Pa\u0144stwo poni\u017cej.<\/p>\n<p><img decoding=\"async\" src=\"data:image\/svg+xml,%3Csvg%20xmlns%3D%27http%3A%2F%2Fwww.w3.org%2F2000%2Fsvg%27%20width%3D%271225%27%20height%3D%27419%27%20viewBox%3D%270%200%201225%20419%27%3E%3Crect%20width%3D%271225%27%20height%3D%27419%27%20fill-opacity%3D%220%22%2F%3E%3C%2Fsvg%3E\" data-orig-src=\"https:\/\/tatara.com.pl\/wp-content\/uploads\/2015\/01\/upadlosc-spoldzielni.jpg\" alt=\"upadlosc-spoldzielni\" width=\"1225\" height=\"419\" class=\"lazyload alignleft size-full wp-image-196\" \/><\/p>\n","protected":false},"excerpt":{"rendered":"<p>Mec. Karol Tatara udzieli\u0142 Dziennikowi Gazecie Prawnej komentarza dot. upad\u0142o\u015bci  [&#8230;]<\/p>\n","protected":false},"author":5,"featured_media":0,"comment_status":"open","ping_status":"open","sticky":false,"template":"","format":"standard","meta":{"_acf_changed":false,"footnotes":""},"categories":[336],"tags":[],"class_list":["post-5369","post","type-post","status-publish","format-standard","hentry","category-aktualnosci"],"acf":[],"yoast_head":"<!-- This site is optimized with the Yoast SEO plugin v27.4 - https:\/\/yoast.com\/product\/yoast-seo-wordpress\/ -->\n<title>Mec. Karol Tatara udzieli\u0142 Dziennikowi Gazecie Prawnej komentarza dot. upad\u0142o\u015bci \u015ar\u00f3dmiejskiej Sp\u00f3\u0142dzielni Mieszkaniowej w Warszawie. | Tatara i Wsp\u00f3lnicy sp.k.<\/title>\n<meta name=\"description\" content=\"Mec. Karol Tatara udzieli\u0142 Dziennikowi Gazecie Prawnej komentarza dot. upad\u0142o\u015bci \u015ar\u00f3dmiejskiej Sp\u00f3\u0142dzielni Mieszkaniowej w Warszawie.\" \/>\n<meta name=\"robots\" content=\"index, follow, max-snippet:-1, max-image-preview:large, max-video-preview:-1\" \/>\n<link rel=\"canonical\" href=\"https:\/\/tatara.com.pl\/aktualnosci\/mec-karol-tatara-udzielil-dziennikowi-gazecie-prawnej-komentarza-dot-upadlosci-srodmiejskiej-spoldzielni-mieszkaniowej-w-warszawie\/\" \/>\n<meta property=\"og:locale\" content=\"de_DE\" \/>\n<meta property=\"og:type\" content=\"article\" \/>\n<meta property=\"og:title\" content=\"Mec. Karol Tatara udzieli\u0142 Dziennikowi Gazecie Prawnej komentarza dot. upad\u0142o\u015bci \u015ar\u00f3dmiejskiej Sp\u00f3\u0142dzielni Mieszkaniowej w Warszawie. | Tatara i Wsp\u00f3lnicy sp.k.\" \/>\n<meta property=\"og:description\" content=\"Mec. Karol Tatara udzieli\u0142 Dziennikowi Gazecie Prawnej komentarza dot. upad\u0142o\u015bci \u015ar\u00f3dmiejskiej Sp\u00f3\u0142dzielni Mieszkaniowej w Warszawie.\" \/>\n<meta property=\"og:url\" content=\"https:\/\/tatara.com.pl\/aktualnosci\/mec-karol-tatara-udzielil-dziennikowi-gazecie-prawnej-komentarza-dot-upadlosci-srodmiejskiej-spoldzielni-mieszkaniowej-w-warszawie\/\" \/>\n<meta property=\"og:site_name\" content=\"Tatara i Wsp\u00f3lnicy sp.k.\" \/>\n<meta property=\"article:published_time\" content=\"2015-01-16T08:15:38+00:00\" \/>\n<meta property=\"article:modified_time\" content=\"2024-05-13T11:21:01+00:00\" \/>\n<meta property=\"og:image\" content=\"https:\/\/tatara.com.pl\/wp-content\/uploads\/2015\/01\/upadlosc-spoldzielni.jpg\" \/>\n<meta name=\"author\" content=\"andrzejdzirba\" \/>\n<meta name=\"twitter:card\" content=\"summary_large_image\" \/>\n<meta name=\"twitter:label1\" content=\"Verfasst von\" \/>\n\t<meta name=\"twitter:data1\" content=\"andrzejdzirba\" \/>\n\t<meta name=\"twitter:label2\" content=\"Gesch\u00e4tzte Lesezeit\" \/>\n\t<meta name=\"twitter:data2\" content=\"2\u00a0Minuten\" \/>\n<script type=\"application\/ld+json\" class=\"yoast-schema-graph\">{\"@context\":\"https:\\\/\\\/schema.org\",\"@graph\":[{\"@type\":\"Article\",\"@id\":\"https:\\\/\\\/tatara.com.pl\\\/aktualnosci\\\/mec-karol-tatara-udzielil-dziennikowi-gazecie-prawnej-komentarza-dot-upadlosci-srodmiejskiej-spoldzielni-mieszkaniowej-w-warszawie\\\/#article\",\"isPartOf\":{\"@id\":\"https:\\\/\\\/tatara.com.pl\\\/aktualnosci\\\/mec-karol-tatara-udzielil-dziennikowi-gazecie-prawnej-komentarza-dot-upadlosci-srodmiejskiej-spoldzielni-mieszkaniowej-w-warszawie\\\/\"},\"author\":{\"name\":\"andrzejdzirba\",\"@id\":\"https:\\\/\\\/tatara.com.pl\\\/#\\\/schema\\\/person\\\/99bdaac655951b64909c0d9b70073b5b\"},\"headline\":\"Mec. Karol Tatara udzieli\u0142 Dziennikowi Gazecie Prawnej komentarza dot. upad\u0142o\u015bci \u015ar\u00f3dmiejskiej Sp\u00f3\u0142dzielni Mieszkaniowej w Warszawie.\",\"datePublished\":\"2015-01-16T08:15:38+00:00\",\"dateModified\":\"2024-05-13T11:21:01+00:00\",\"mainEntityOfPage\":{\"@id\":\"https:\\\/\\\/tatara.com.pl\\\/aktualnosci\\\/mec-karol-tatara-udzielil-dziennikowi-gazecie-prawnej-komentarza-dot-upadlosci-srodmiejskiej-spoldzielni-mieszkaniowej-w-warszawie\\\/\"},\"wordCount\":203,\"commentCount\":0,\"image\":{\"@id\":\"https:\\\/\\\/tatara.com.pl\\\/aktualnosci\\\/mec-karol-tatara-udzielil-dziennikowi-gazecie-prawnej-komentarza-dot-upadlosci-srodmiejskiej-spoldzielni-mieszkaniowej-w-warszawie\\\/#primaryimage\"},\"thumbnailUrl\":\"https:\\\/\\\/tatara.com.pl\\\/wp-content\\\/uploads\\\/2015\\\/01\\\/upadlosc-spoldzielni.jpg\",\"articleSection\":[\"Aktualno\u015bci\"],\"inLanguage\":\"de\",\"potentialAction\":[{\"@type\":\"CommentAction\",\"name\":\"Comment\",\"target\":[\"https:\\\/\\\/tatara.com.pl\\\/aktualnosci\\\/mec-karol-tatara-udzielil-dziennikowi-gazecie-prawnej-komentarza-dot-upadlosci-srodmiejskiej-spoldzielni-mieszkaniowej-w-warszawie\\\/#respond\"]}]},{\"@type\":\"WebPage\",\"@id\":\"https:\\\/\\\/tatara.com.pl\\\/aktualnosci\\\/mec-karol-tatara-udzielil-dziennikowi-gazecie-prawnej-komentarza-dot-upadlosci-srodmiejskiej-spoldzielni-mieszkaniowej-w-warszawie\\\/\",\"url\":\"https:\\\/\\\/tatara.com.pl\\\/aktualnosci\\\/mec-karol-tatara-udzielil-dziennikowi-gazecie-prawnej-komentarza-dot-upadlosci-srodmiejskiej-spoldzielni-mieszkaniowej-w-warszawie\\\/\",\"name\":\"Mec. Karol Tatara udzieli\u0142 Dziennikowi Gazecie Prawnej komentarza dot. upad\u0142o\u015bci \u015ar\u00f3dmiejskiej Sp\u00f3\u0142dzielni Mieszkaniowej w Warszawie. | Tatara i Wsp\u00f3lnicy sp.k.\",\"isPartOf\":{\"@id\":\"https:\\\/\\\/tatara.com.pl\\\/#website\"},\"primaryImageOfPage\":{\"@id\":\"https:\\\/\\\/tatara.com.pl\\\/aktualnosci\\\/mec-karol-tatara-udzielil-dziennikowi-gazecie-prawnej-komentarza-dot-upadlosci-srodmiejskiej-spoldzielni-mieszkaniowej-w-warszawie\\\/#primaryimage\"},\"image\":{\"@id\":\"https:\\\/\\\/tatara.com.pl\\\/aktualnosci\\\/mec-karol-tatara-udzielil-dziennikowi-gazecie-prawnej-komentarza-dot-upadlosci-srodmiejskiej-spoldzielni-mieszkaniowej-w-warszawie\\\/#primaryimage\"},\"thumbnailUrl\":\"https:\\\/\\\/tatara.com.pl\\\/wp-content\\\/uploads\\\/2015\\\/01\\\/upadlosc-spoldzielni.jpg\",\"datePublished\":\"2015-01-16T08:15:38+00:00\",\"dateModified\":\"2024-05-13T11:21:01+00:00\",\"author\":{\"@id\":\"https:\\\/\\\/tatara.com.pl\\\/#\\\/schema\\\/person\\\/99bdaac655951b64909c0d9b70073b5b\"},\"description\":\"Mec. Karol Tatara udzieli\u0142 Dziennikowi Gazecie Prawnej komentarza dot. upad\u0142o\u015bci \u015ar\u00f3dmiejskiej Sp\u00f3\u0142dzielni Mieszkaniowej w Warszawie.\",\"breadcrumb\":{\"@id\":\"https:\\\/\\\/tatara.com.pl\\\/aktualnosci\\\/mec-karol-tatara-udzielil-dziennikowi-gazecie-prawnej-komentarza-dot-upadlosci-srodmiejskiej-spoldzielni-mieszkaniowej-w-warszawie\\\/#breadcrumb\"},\"inLanguage\":\"de\",\"potentialAction\":[{\"@type\":\"ReadAction\",\"target\":[\"https:\\\/\\\/tatara.com.pl\\\/aktualnosci\\\/mec-karol-tatara-udzielil-dziennikowi-gazecie-prawnej-komentarza-dot-upadlosci-srodmiejskiej-spoldzielni-mieszkaniowej-w-warszawie\\\/\"]}]},{\"@type\":\"ImageObject\",\"inLanguage\":\"de\",\"@id\":\"https:\\\/\\\/tatara.com.pl\\\/aktualnosci\\\/mec-karol-tatara-udzielil-dziennikowi-gazecie-prawnej-komentarza-dot-upadlosci-srodmiejskiej-spoldzielni-mieszkaniowej-w-warszawie\\\/#primaryimage\",\"url\":\"https:\\\/\\\/tatara.com.pl\\\/wp-content\\\/uploads\\\/2015\\\/01\\\/upadlosc-spoldzielni.jpg\",\"contentUrl\":\"https:\\\/\\\/tatara.com.pl\\\/wp-content\\\/uploads\\\/2015\\\/01\\\/upadlosc-spoldzielni.jpg\"},{\"@type\":\"BreadcrumbList\",\"@id\":\"https:\\\/\\\/tatara.com.pl\\\/aktualnosci\\\/mec-karol-tatara-udzielil-dziennikowi-gazecie-prawnej-komentarza-dot-upadlosci-srodmiejskiej-spoldzielni-mieszkaniowej-w-warszawie\\\/#breadcrumb\",\"itemListElement\":[{\"@type\":\"ListItem\",\"position\":1,\"name\":\"Tatara\",\"item\":\"https:\\\/\\\/tatara.com.pl\\\/de\\\/\"},{\"@type\":\"ListItem\",\"position\":2,\"name\":\"Mec. Karol Tatara udzieli\u0142 Dziennikowi Gazecie Prawnej komentarza dot. upad\u0142o\u015bci \u015ar\u00f3dmiejskiej Sp\u00f3\u0142dzielni Mieszkaniowej w Warszawie.\"}]},{\"@type\":\"WebSite\",\"@id\":\"https:\\\/\\\/tatara.com.pl\\\/#website\",\"url\":\"https:\\\/\\\/tatara.com.pl\\\/\",\"name\":\"Tatara i Wsp\u00f3lnicy sp.k.\",\"description\":\"Tatara i Wsp\u00f3lnicy sp.k.\",\"potentialAction\":[{\"@type\":\"SearchAction\",\"target\":{\"@type\":\"EntryPoint\",\"urlTemplate\":\"https:\\\/\\\/tatara.com.pl\\\/?s={search_term_string}\"},\"query-input\":{\"@type\":\"PropertyValueSpecification\",\"valueRequired\":true,\"valueName\":\"search_term_string\"}}],\"inLanguage\":\"de\"},{\"@type\":\"Person\",\"@id\":\"https:\\\/\\\/tatara.com.pl\\\/#\\\/schema\\\/person\\\/99bdaac655951b64909c0d9b70073b5b\",\"name\":\"andrzejdzirba\",\"image\":{\"@type\":\"ImageObject\",\"inLanguage\":\"de\",\"@id\":\"https:\\\/\\\/secure.gravatar.com\\\/avatar\\\/4e780821afaf93f2878ec15b14c2c787c159b30035d9b295904b2357b1589888?s=96&d=mm&r=g\",\"url\":\"https:\\\/\\\/secure.gravatar.com\\\/avatar\\\/4e780821afaf93f2878ec15b14c2c787c159b30035d9b295904b2357b1589888?s=96&d=mm&r=g\",\"contentUrl\":\"https:\\\/\\\/secure.gravatar.com\\\/avatar\\\/4e780821afaf93f2878ec15b14c2c787c159b30035d9b295904b2357b1589888?s=96&d=mm&r=g\",\"caption\":\"andrzejdzirba\"}}]}<\/script>\n<!-- \/ Yoast SEO plugin. -->","yoast_head_json":{"title":"Mec. Karol Tatara udzieli\u0142 Dziennikowi Gazecie Prawnej komentarza dot. upad\u0142o\u015bci \u015ar\u00f3dmiejskiej Sp\u00f3\u0142dzielni Mieszkaniowej w Warszawie. | Tatara i Wsp\u00f3lnicy sp.k.","description":"Mec. Karol Tatara udzieli\u0142 Dziennikowi Gazecie Prawnej komentarza dot. upad\u0142o\u015bci \u015ar\u00f3dmiejskiej Sp\u00f3\u0142dzielni Mieszkaniowej w Warszawie.","robots":{"index":"index","follow":"follow","max-snippet":"max-snippet:-1","max-image-preview":"max-image-preview:large","max-video-preview":"max-video-preview:-1"},"canonical":"https:\/\/tatara.com.pl\/aktualnosci\/mec-karol-tatara-udzielil-dziennikowi-gazecie-prawnej-komentarza-dot-upadlosci-srodmiejskiej-spoldzielni-mieszkaniowej-w-warszawie\/","og_locale":"de_DE","og_type":"article","og_title":"Mec. Karol Tatara udzieli\u0142 Dziennikowi Gazecie Prawnej komentarza dot. upad\u0142o\u015bci \u015ar\u00f3dmiejskiej Sp\u00f3\u0142dzielni Mieszkaniowej w Warszawie. | Tatara i Wsp\u00f3lnicy sp.k.","og_description":"Mec. Karol Tatara udzieli\u0142 Dziennikowi Gazecie Prawnej komentarza dot. upad\u0142o\u015bci \u015ar\u00f3dmiejskiej Sp\u00f3\u0142dzielni Mieszkaniowej w Warszawie.","og_url":"https:\/\/tatara.com.pl\/aktualnosci\/mec-karol-tatara-udzielil-dziennikowi-gazecie-prawnej-komentarza-dot-upadlosci-srodmiejskiej-spoldzielni-mieszkaniowej-w-warszawie\/","og_site_name":"Tatara i Wsp\u00f3lnicy sp.k.","article_published_time":"2015-01-16T08:15:38+00:00","article_modified_time":"2024-05-13T11:21:01+00:00","og_image":[{"url":"https:\/\/tatara.com.pl\/wp-content\/uploads\/2015\/01\/upadlosc-spoldzielni.jpg","type":"","width":"","height":""}],"author":"andrzejdzirba","twitter_card":"summary_large_image","twitter_misc":{"Verfasst von":"andrzejdzirba","Gesch\u00e4tzte Lesezeit":"2\u00a0Minuten"},"schema":{"@context":"https:\/\/schema.org","@graph":[{"@type":"Article","@id":"https:\/\/tatara.com.pl\/aktualnosci\/mec-karol-tatara-udzielil-dziennikowi-gazecie-prawnej-komentarza-dot-upadlosci-srodmiejskiej-spoldzielni-mieszkaniowej-w-warszawie\/#article","isPartOf":{"@id":"https:\/\/tatara.com.pl\/aktualnosci\/mec-karol-tatara-udzielil-dziennikowi-gazecie-prawnej-komentarza-dot-upadlosci-srodmiejskiej-spoldzielni-mieszkaniowej-w-warszawie\/"},"author":{"name":"andrzejdzirba","@id":"https:\/\/tatara.com.pl\/#\/schema\/person\/99bdaac655951b64909c0d9b70073b5b"},"headline":"Mec. Karol Tatara udzieli\u0142 Dziennikowi Gazecie Prawnej komentarza dot. upad\u0142o\u015bci \u015ar\u00f3dmiejskiej Sp\u00f3\u0142dzielni Mieszkaniowej w Warszawie.","datePublished":"2015-01-16T08:15:38+00:00","dateModified":"2024-05-13T11:21:01+00:00","mainEntityOfPage":{"@id":"https:\/\/tatara.com.pl\/aktualnosci\/mec-karol-tatara-udzielil-dziennikowi-gazecie-prawnej-komentarza-dot-upadlosci-srodmiejskiej-spoldzielni-mieszkaniowej-w-warszawie\/"},"wordCount":203,"commentCount":0,"image":{"@id":"https:\/\/tatara.com.pl\/aktualnosci\/mec-karol-tatara-udzielil-dziennikowi-gazecie-prawnej-komentarza-dot-upadlosci-srodmiejskiej-spoldzielni-mieszkaniowej-w-warszawie\/#primaryimage"},"thumbnailUrl":"https:\/\/tatara.com.pl\/wp-content\/uploads\/2015\/01\/upadlosc-spoldzielni.jpg","articleSection":["Aktualno\u015bci"],"inLanguage":"de","potentialAction":[{"@type":"CommentAction","name":"Comment","target":["https:\/\/tatara.com.pl\/aktualnosci\/mec-karol-tatara-udzielil-dziennikowi-gazecie-prawnej-komentarza-dot-upadlosci-srodmiejskiej-spoldzielni-mieszkaniowej-w-warszawie\/#respond"]}]},{"@type":"WebPage","@id":"https:\/\/tatara.com.pl\/aktualnosci\/mec-karol-tatara-udzielil-dziennikowi-gazecie-prawnej-komentarza-dot-upadlosci-srodmiejskiej-spoldzielni-mieszkaniowej-w-warszawie\/","url":"https:\/\/tatara.com.pl\/aktualnosci\/mec-karol-tatara-udzielil-dziennikowi-gazecie-prawnej-komentarza-dot-upadlosci-srodmiejskiej-spoldzielni-mieszkaniowej-w-warszawie\/","name":"Mec. Karol Tatara udzieli\u0142 Dziennikowi Gazecie Prawnej komentarza dot. upad\u0142o\u015bci \u015ar\u00f3dmiejskiej Sp\u00f3\u0142dzielni Mieszkaniowej w Warszawie. | Tatara i Wsp\u00f3lnicy sp.k.","isPartOf":{"@id":"https:\/\/tatara.com.pl\/#website"},"primaryImageOfPage":{"@id":"https:\/\/tatara.com.pl\/aktualnosci\/mec-karol-tatara-udzielil-dziennikowi-gazecie-prawnej-komentarza-dot-upadlosci-srodmiejskiej-spoldzielni-mieszkaniowej-w-warszawie\/#primaryimage"},"image":{"@id":"https:\/\/tatara.com.pl\/aktualnosci\/mec-karol-tatara-udzielil-dziennikowi-gazecie-prawnej-komentarza-dot-upadlosci-srodmiejskiej-spoldzielni-mieszkaniowej-w-warszawie\/#primaryimage"},"thumbnailUrl":"https:\/\/tatara.com.pl\/wp-content\/uploads\/2015\/01\/upadlosc-spoldzielni.jpg","datePublished":"2015-01-16T08:15:38+00:00","dateModified":"2024-05-13T11:21:01+00:00","author":{"@id":"https:\/\/tatara.com.pl\/#\/schema\/person\/99bdaac655951b64909c0d9b70073b5b"},"description":"Mec. Karol Tatara udzieli\u0142 Dziennikowi Gazecie Prawnej komentarza dot. upad\u0142o\u015bci \u015ar\u00f3dmiejskiej Sp\u00f3\u0142dzielni Mieszkaniowej w Warszawie.","breadcrumb":{"@id":"https:\/\/tatara.com.pl\/aktualnosci\/mec-karol-tatara-udzielil-dziennikowi-gazecie-prawnej-komentarza-dot-upadlosci-srodmiejskiej-spoldzielni-mieszkaniowej-w-warszawie\/#breadcrumb"},"inLanguage":"de","potentialAction":[{"@type":"ReadAction","target":["https:\/\/tatara.com.pl\/aktualnosci\/mec-karol-tatara-udzielil-dziennikowi-gazecie-prawnej-komentarza-dot-upadlosci-srodmiejskiej-spoldzielni-mieszkaniowej-w-warszawie\/"]}]},{"@type":"ImageObject","inLanguage":"de","@id":"https:\/\/tatara.com.pl\/aktualnosci\/mec-karol-tatara-udzielil-dziennikowi-gazecie-prawnej-komentarza-dot-upadlosci-srodmiejskiej-spoldzielni-mieszkaniowej-w-warszawie\/#primaryimage","url":"https:\/\/tatara.com.pl\/wp-content\/uploads\/2015\/01\/upadlosc-spoldzielni.jpg","contentUrl":"https:\/\/tatara.com.pl\/wp-content\/uploads\/2015\/01\/upadlosc-spoldzielni.jpg"},{"@type":"BreadcrumbList","@id":"https:\/\/tatara.com.pl\/aktualnosci\/mec-karol-tatara-udzielil-dziennikowi-gazecie-prawnej-komentarza-dot-upadlosci-srodmiejskiej-spoldzielni-mieszkaniowej-w-warszawie\/#breadcrumb","itemListElement":[{"@type":"ListItem","position":1,"name":"Tatara","item":"https:\/\/tatara.com.pl\/de\/"},{"@type":"ListItem","position":2,"name":"Mec. Karol Tatara udzieli\u0142 Dziennikowi Gazecie Prawnej komentarza dot. upad\u0142o\u015bci \u015ar\u00f3dmiejskiej Sp\u00f3\u0142dzielni Mieszkaniowej w Warszawie."}]},{"@type":"WebSite","@id":"https:\/\/tatara.com.pl\/#website","url":"https:\/\/tatara.com.pl\/","name":"Tatara i Wsp\u00f3lnicy sp.k.","description":"Tatara i Wsp\u00f3lnicy sp.k.","potentialAction":[{"@type":"SearchAction","target":{"@type":"EntryPoint","urlTemplate":"https:\/\/tatara.com.pl\/?s={search_term_string}"},"query-input":{"@type":"PropertyValueSpecification","valueRequired":true,"valueName":"search_term_string"}}],"inLanguage":"de"},{"@type":"Person","@id":"https:\/\/tatara.com.pl\/#\/schema\/person\/99bdaac655951b64909c0d9b70073b5b","name":"andrzejdzirba","image":{"@type":"ImageObject","inLanguage":"de","@id":"https:\/\/secure.gravatar.com\/avatar\/4e780821afaf93f2878ec15b14c2c787c159b30035d9b295904b2357b1589888?s=96&d=mm&r=g","url":"https:\/\/secure.gravatar.com\/avatar\/4e780821afaf93f2878ec15b14c2c787c159b30035d9b295904b2357b1589888?s=96&d=mm&r=g","contentUrl":"https:\/\/secure.gravatar.com\/avatar\/4e780821afaf93f2878ec15b14c2c787c159b30035d9b295904b2357b1589888?s=96&d=mm&r=g","caption":"andrzejdzirba"}}]}},"_links":{"self":[{"href":"https:\/\/tatara.com.pl\/de\/wp-json\/wp\/v2\/posts\/5369","targetHints":{"allow":["GET"]}}],"collection":[{"href":"https:\/\/tatara.com.pl\/de\/wp-json\/wp\/v2\/posts"}],"about":[{"href":"https:\/\/tatara.com.pl\/de\/wp-json\/wp\/v2\/types\/post"}],"author":[{"embeddable":true,"href":"https:\/\/tatara.com.pl\/de\/wp-json\/wp\/v2\/users\/5"}],"replies":[{"embeddable":true,"href":"https:\/\/tatara.com.pl\/de\/wp-json\/wp\/v2\/comments?post=5369"}],"version-history":[{"count":1,"href":"https:\/\/tatara.com.pl\/de\/wp-json\/wp\/v2\/posts\/5369\/revisions"}],"predecessor-version":[{"id":8435,"href":"https:\/\/tatara.com.pl\/de\/wp-json\/wp\/v2\/posts\/5369\/revisions\/8435"}],"wp:attachment":[{"href":"https:\/\/tatara.com.pl\/de\/wp-json\/wp\/v2\/media?parent=5369"}],"wp:term":[{"taxonomy":"category","embeddable":true,"href":"https:\/\/tatara.com.pl\/de\/wp-json\/wp\/v2\/categories?post=5369"},{"taxonomy":"post_tag","embeddable":true,"href":"https:\/\/tatara.com.pl\/de\/wp-json\/wp\/v2\/tags?post=5369"}],"curies":[{"name":"wp","href":"https:\/\/api.w.org\/{rel}","templated":true}]}}